{"id":4047,"date":"2025-12-19T22:55:03","date_gmt":"2025-12-19T21:55:03","guid":{"rendered":"https:\/\/www.snamiroma.org\/wp1\/?p=4047"},"modified":"2025-12-19T22:55:09","modified_gmt":"2025-12-19T21:55:09","slug":"sentenza-determinante-per-le-competenze-territoriali-in-campo-farmaceutico","status":"publish","type":"post","link":"https:\/\/www.snamiroma.org\/wp1\/2025\/12\/19\/sentenza-determinante-per-le-competenze-territoriali-in-campo-farmaceutico\/","title":{"rendered":"Sentenza determinante per le competenze territoriali in campo farmaceutico"},"content":{"rendered":"\n<p>L&#8217;avv. Beatrice Lucarelli, <a href=\"https:\/\/www.snamiroma.org\/wp1\/servizio-di-consulenza-legale-per-gli-iscritti\/\" data-type=\"link\" data-id=\"https:\/\/www.snamiroma.org\/wp1\/servizio-di-consulenza-legale-per-gli-iscritti\/\" target=\"_blank\" rel=\"noreferrer noopener\">legale di #SnamiRoma e #SnamiLazio<\/a>, ci ha segnalato e analizzato una recente sentenza del Consiglio di Stato che stabilisce un precedente chiaro e molto importante: la competenza a definire il regime di rimborsabilit\u00e0 dei farmaci \u00e8 esclusiva dell&#8217;AIFA e non pu\u00f2 essere sovvertita dalle autorit\u00e0 sanitarie locali. Il provvedimento tutela la discrezionalit\u00e0 clinica e riconosce la legittimit\u00e0 delle scelte organizzative in ambito territoriale, offrendo strumenti di difesa contro contestazioni disciplinari e amministrative infondate. La decisione valorizza l\u2019applicazione corretta di linee guida e protocolli. SnamiRoma invita i medici a consultare la sentenza e le osservazioni legali per aggiornare le prassi e consolidare la tutela professionale, ricordando che per i nostri iscritti esiste un importante <a href=\"https:\/\/www.snamiroma.org\/wp1\/servizio-di-consulenza-legale-per-gli-iscritti\/\">servizio di tutela legale<\/a>, diretto proprio dall&#8217;avv. Beatrice Lucarelli.<\/p>\n\n\n\n<p>Di seguito la disamina legale dettagliata della sentenza da parte dell&#8217;avv. Beatrice Lucarelli:<\/p>\n\n\n\n<blockquote class=\"wp-block-quote is-layout-flow wp-block-quote-is-layout-flow\">\n<p>Allego una pronuncia molto interessante in materia di competenze delle aziende sanitarie locali nella determinazione della rimborsabilit\u00e0 dei farmaci e dei limiti alla loro interpretazione delle indicazioni terapeutiche autorizzate dall&#8217;AIFA (Consiglio di Stato, sentenza n. 7157\/2025).<\/p>\n\n\n\n<p>La controversia ha avuto origine dall&#8217;impugnazione da parte della societ\u00e0 farmaceutica Alfasigma di una nota dell&#8217;AUSL Umbria 2 che qualificava come &#8220;off-label&#8221; e quindi non rimborsabili dal Servizio Sanitario Nazionale le prescrizioni del farmaco &#8220;Normix&#8221; (a base di Rifaximina) per specifiche patologie quali sindrome del colon irritabile, morbo di Crohn, SIBO, diverticolosi sintomatica e prevenzione della diverticolite.<\/p>\n\n\n\n<p>Il farmaco, autorizzato dal 1985 con indicazione terapeutica ampia per &#8220;infezioni intestinali acute e croniche sostenute da batteri gram-positivi e gram-negativi; sindromi diarroiche&#8221;, era classificato in fascia A senza alcuna nota AIFA limitativa.<\/p>\n\n\n\n<p>Il Consiglio di Stato ha accolto l&#8217;appello, riformando la sentenza del TAR che aveva dichiarato il ricorso inammissibile, e ha annullato la nota dell&#8217;AUSL per incompetenza e violazione del riparto di attribuzioni tra Stato e Regioni.<\/p>\n\n\n\n<p>La pronuncia stabilisce alcuni principi fondamentali:<\/p>\n\n\n\n<p>&#8211;&nbsp;&nbsp;&nbsp;&nbsp;&nbsp;&nbsp; <strong>Limiti delle competenze delle AUSL<\/strong>: Le aziende sanitarie locali possono fornire raccomandazioni e indirizzi per orientare la prescrizione dei farmaci nell&#8217;ambito dell&#8217;appropriatezza prescrittiva, ma non possono adottare interpretazioni vincolanti delle indicazioni terapeutiche contenute nel riassunto delle caratteristiche del prodotto (RCP) autorizzato dall&#8217;AIFA che abbiano l&#8217;effetto di qualificare come off-label determinate prescrizioni e di escluderle dalla rimborsabilit\u00e0.<\/p>\n\n\n\n<p>&#8211;&nbsp;&nbsp;&nbsp;&nbsp;&nbsp;&nbsp; <strong>Interpretazione estensiva delle indicazioni terapeutiche<\/strong>: Quando l&#8217;indicazione terapeutica autorizzata nel RCP \u00e8 formulata in termini ampi e non tassativi, essa consente un&#8217;interpretazione estensiva che non pu\u00f2 essere unilateralmente ristretta dalle autorit\u00e0 sanitarie locali sulla base di valutazioni di appropriatezza terapeutica.<\/p>\n\n\n\n<p>&#8211;&nbsp;&nbsp;&nbsp;&nbsp;&nbsp;&nbsp; <strong>Natura provvedimentale degli atti<\/strong>: La nota con cui l&#8217;AUSL definisce in modo vincolante per quali patologie un farmaco non possa essere prescritto con oneri a carico del SSR ha natura provvedimentale e non meramente conoscitiva o informativa.<\/p>\n\n\n\n<p>Il Collegio ha evidenziato che &#8220;con la nota impugnata, infatti, l&#8217;AUSL Umbria 2, stravolgendo quanto stabilito dell&#8217;autorit\u00e0 competente (e cio\u00e8 dall&#8217;AIFA), ha provveduto a definire in modo tassativo per quali patologie non potesse prescriversi (con oneri a carico del SSR) il prodotto Rifaximina, precisando che tali indicazioni terapeutiche non potevano ritenersi ricomprese nel RCP&#8221;.<\/p>\n\n\n\n<p>La sentenza sottolinea inoltre che tale condotta ha comportato un travalicamento dei limiti delle competenze dell&#8217;AUSL, &#8220;giungendo ad incidere sul regime di prescrivibilit\u00e0 e rimborsabilit\u00e0 del medicinale&#8221;, ledendo anche &#8220;il principio della libert\u00e0 prescrittiva del medico ed il diritto alla salute dei pazienti&#8221;.<\/p>\n\n\n\n<p>Questa pronuncia rappresenta un importante precedente per la delimitazione delle competenze tra autorit\u00e0 nazionali e locali in materia farmaceutica, ribadendo che la determinazione del regime di rimborsabilit\u00e0 dei medicinali spetta all&#8217;AIFA e non pu\u00f2 essere modificata unilateralmente dalle autorit\u00e0 sanitarie territoriali. <\/p>\n\n\n\n<p><a href=\"https:\/\/www.snamiroma.org\/wp1\/servizio-di-consulenza-legale-per-gli-iscritti\/\">Avv. Beatrice Lucarelli<\/a><\/p>\n<\/blockquote>\n\n\n\n<h2 class=\"wp-block-heading\">Documenti allegati:<\/h2>\n\n\n\n<div data-wp-interactive=\"core\/file\" class=\"wp-block-file aligncenter\"><object data-wp-bind--hidden=\"!state.hasPdfPreview\" hidden class=\"wp-block-file__embed\" data=\"https:\/\/www.snamiroma.org\/wp1\/wp-content\/uploads\/2025\/12\/CDS-7157-2025.pdf\" type=\"application\/pdf\" style=\"width:100%;height:600px\" aria-label=\"Incorporamento di CDS 7157-2025.\"><\/object><a id=\"wp-block-file--media-98a8b4bd-9047-4f88-a5b5-1accdda3a4ad\" href=\"https:\/\/www.snamiroma.org\/wp1\/wp-content\/uploads\/2025\/12\/CDS-7157-2025.pdf\">CDS 7157-2025<\/a><a href=\"https:\/\/www.snamiroma.org\/wp1\/wp-content\/uploads\/2025\/12\/CDS-7157-2025.pdf\" class=\"wp-block-file__button wp-element-button\" download aria-describedby=\"wp-block-file--media-98a8b4bd-9047-4f88-a5b5-1accdda3a4ad\">Download<\/a><\/div>\n\n\n\n<hr class=\"wp-block-separator has-css-opacity\"\/>\n\n\n<ul class=\"wp-block-latest-posts__list is-grid columns-3 has-author wp-block-latest-posts\"><li><div class=\"wp-block-latest-posts__featured-image aligncenter\"><img decoding=\"async\" width=\"150\" height=\"150\" src=\"https:\/\/i0.wp.com\/www.snamiroma.org\/wp1\/wp-content\/uploads\/2026\/04\/4589348598.jpg?resize=150%2C150&amp;ssl=1\" class=\"attachment-thumbnail size-thumbnail wp-post-image\" alt=\"\" style=\"\" srcset=\"https:\/\/i0.wp.com\/www.snamiroma.org\/wp1\/wp-content\/uploads\/2026\/04\/4589348598.jpg?resize=150%2C150&amp;ssl=1 150w, https:\/\/i0.wp.com\/www.snamiroma.org\/wp1\/wp-content\/uploads\/2026\/04\/4589348598.jpg?resize=300%2C300&amp;ssl=1 300w, https:\/\/i0.wp.com\/www.snamiroma.org\/wp1\/wp-content\/uploads\/2026\/04\/4589348598.jpg?zoom=3&amp;resize=150%2C150&amp;ssl=1 450w\" sizes=\"(max-width: 150px) 100vw, 150px\" \/><\/div><a class=\"wp-block-latest-posts__post-title\" href=\"https:\/\/www.snamiroma.org\/wp1\/2026\/04\/10\/pss-e-fse-2-0-la-proposta-snami-per-togliere-il-carico-burocratico-ai-mmg\/\">PSS e FSE 2.0: la proposta SNAMI per togliere il carico burocratico ai MMG<\/a><div class=\"wp-block-latest-posts__post-author\">di SNAMI Roma<\/div><div class=\"wp-block-latest-posts__post-excerpt\">#SNAMI sottolinea che il Profilo #Sanitario Sintetico (#PSS) \u00e8 cruciale per il nuovo Fascicolo&hellip;<\/div><\/li>\n<li><div class=\"wp-block-latest-posts__featured-image aligncenter\"><img decoding=\"async\" width=\"150\" height=\"150\" src=\"https:\/\/i0.wp.com\/www.snamiroma.org\/wp1\/wp-content\/uploads\/2026\/04\/398549359348.jpg?resize=150%2C150&amp;ssl=1\" class=\"attachment-thumbnail size-thumbnail wp-post-image\" alt=\"\" style=\"\" srcset=\"https:\/\/i0.wp.com\/www.snamiroma.org\/wp1\/wp-content\/uploads\/2026\/04\/398549359348.jpg?resize=150%2C150&amp;ssl=1 150w, https:\/\/i0.wp.com\/www.snamiroma.org\/wp1\/wp-content\/uploads\/2026\/04\/398549359348.jpg?resize=300%2C300&amp;ssl=1 300w, https:\/\/i0.wp.com\/www.snamiroma.org\/wp1\/wp-content\/uploads\/2026\/04\/398549359348.jpg?zoom=3&amp;resize=150%2C150&amp;ssl=1 450w\" sizes=\"(max-width: 150px) 100vw, 150px\" \/><\/div><a class=\"wp-block-latest-posts__post-title\" href=\"https:\/\/www.snamiroma.org\/wp1\/2026\/04\/03\/%f0%9f%90%a3-buone-festivita-pasquali-da-snamiroma\/\">\ud83d\udc23 Buone Festivit\u00e0 Pasquali da #SNAMIROMA<\/a><div class=\"wp-block-latest-posts__post-author\">di SNAMI Roma<\/div><div class=\"wp-block-latest-posts__post-excerpt\">Cari colleghi, in occasione della #Pasqua vi rivolgiamo un caloroso augurio di serenit\u00e0, speranza&hellip;<\/div><\/li>\n<li><div class=\"wp-block-latest-posts__featured-image aligncenter\"><img decoding=\"async\" width=\"150\" height=\"150\" src=\"https:\/\/i0.wp.com\/www.snamiroma.org\/wp1\/wp-content\/uploads\/2024\/11\/logo_regione_lazio.jpg?resize=150%2C150&amp;ssl=1\" class=\"attachment-thumbnail size-thumbnail wp-post-image\" alt=\"\" style=\"\" srcset=\"https:\/\/i0.wp.com\/www.snamiroma.org\/wp1\/wp-content\/uploads\/2024\/11\/logo_regione_lazio.jpg?resize=150%2C150&amp;ssl=1 150w, https:\/\/i0.wp.com\/www.snamiroma.org\/wp1\/wp-content\/uploads\/2024\/11\/logo_regione_lazio.jpg?resize=300%2C300&amp;ssl=1 300w, https:\/\/i0.wp.com\/www.snamiroma.org\/wp1\/wp-content\/uploads\/2024\/11\/logo_regione_lazio.jpg?zoom=3&amp;resize=150%2C150&amp;ssl=1 450w\" sizes=\"(max-width: 150px) 100vw, 150px\" \/><\/div><a class=\"wp-block-latest-posts__post-title\" href=\"https:\/\/www.snamiroma.org\/wp1\/2026\/04\/02\/regione-lazio-sospensione-attivita-di-monitoraggio-e-svolgimento-esclusivamente-per-via-telematica\/\">Regione Lazio: sospensione attivit\u00e0 di monitoraggio e svolgimento esclusivamente per via telematica<\/a><div class=\"wp-block-latest-posts__post-author\">di SNAMI Roma<\/div><div class=\"wp-block-latest-posts__post-excerpt\">La Direzione Regionale comunica di aver ricevuto la richiesta delle OO.SS. e dispone la&hellip;<\/div><\/li>\n<li><div class=\"wp-block-latest-posts__featured-image aligncenter\"><img loading=\"lazy\" decoding=\"async\" width=\"150\" height=\"150\" src=\"https:\/\/i0.wp.com\/www.snamiroma.org\/wp1\/wp-content\/uploads\/2026\/03\/845948958.jpg?resize=150%2C150&amp;ssl=1\" class=\"attachment-thumbnail size-thumbnail wp-post-image\" alt=\"\" style=\"\" srcset=\"https:\/\/i0.wp.com\/www.snamiroma.org\/wp1\/wp-content\/uploads\/2026\/03\/845948958.jpg?resize=150%2C150&amp;ssl=1 150w, https:\/\/i0.wp.com\/www.snamiroma.org\/wp1\/wp-content\/uploads\/2026\/03\/845948958.jpg?resize=300%2C300&amp;ssl=1 300w, https:\/\/i0.wp.com\/www.snamiroma.org\/wp1\/wp-content\/uploads\/2026\/03\/845948958.jpg?zoom=3&amp;resize=150%2C150&amp;ssl=1 450w\" sizes=\"(max-width: 150px) 100vw, 150px\" \/><\/div><a class=\"wp-block-latest-posts__post-title\" href=\"https:\/\/www.snamiroma.org\/wp1\/2026\/03\/23\/snami-a-valmontone-nel-convegno-il-trattamento-ambulatoriale-delle-infezioni-batteriche-sul-tema-dellantibiotico-resistenza\/\">SNAMI a Valmontone nel Convegno &#8220;Il Trattamento Ambulatoriale delle Infezioni Batteriche&#8221; sul tema dell&#8217;antibiotico resistenza<\/a><div class=\"wp-block-latest-posts__post-author\">di SNAMI Roma<\/div><div class=\"wp-block-latest-posts__post-excerpt\">La #MedicinaGenerale si confronta sull\u2019uso corretto degli #antibiotici. Ieri, nella splendida cornice di Palazzo&hellip;<\/div><\/li>\n<li><div class=\"wp-block-latest-posts__featured-image aligncenter\"><img loading=\"lazy\" decoding=\"async\" width=\"150\" height=\"150\" src=\"https:\/\/i0.wp.com\/www.snamiroma.org\/wp1\/wp-content\/uploads\/2026\/02\/image-1.png?resize=150%2C150&amp;ssl=1\" class=\"attachment-thumbnail size-thumbnail wp-post-image\" alt=\"\" style=\"\" srcset=\"https:\/\/i0.wp.com\/www.snamiroma.org\/wp1\/wp-content\/uploads\/2026\/02\/image-1.png?resize=150%2C150&amp;ssl=1 150w, https:\/\/i0.wp.com\/www.snamiroma.org\/wp1\/wp-content\/uploads\/2026\/02\/image-1.png?resize=300%2C300&amp;ssl=1 300w, https:\/\/i0.wp.com\/www.snamiroma.org\/wp1\/wp-content\/uploads\/2026\/02\/image-1.png?zoom=3&amp;resize=150%2C150&amp;ssl=1 450w\" sizes=\"(max-width: 150px) 100vw, 150px\" \/><\/div><a class=\"wp-block-latest-posts__post-title\" href=\"https:\/\/www.snamiroma.org\/wp1\/2026\/02\/16\/comunicato-stampa-snami-bozza-air-lazio-2026-incoerente-con-il-dm-77-no-a-centralizzazione-e-disparita-tra-medici\/\">Comunicato Stampa SNAMI: \u201cBozza AIR Lazio 2026 incoerente con il DM 77. No a centralizzazione e disparit\u00e0 tra medici&#8221;<\/a><div class=\"wp-block-latest-posts__post-author\">di SNAMI Roma<\/div><div class=\"wp-block-latest-posts__post-excerpt\">Lo #SNAMI, nell\u2019ambito dell\u2019Intersindacale della #MedicinaGenerale, esprime netta contrariet\u00e0 alla bozza di Accordo Integrativo&hellip;<\/div><\/li>\n<li><div class=\"wp-block-latest-posts__featured-image aligncenter\"><img loading=\"lazy\" decoding=\"async\" width=\"150\" height=\"150\" src=\"https:\/\/i0.wp.com\/www.snamiroma.org\/wp1\/wp-content\/uploads\/2026\/02\/immagine.png?resize=150%2C150&amp;ssl=1\" class=\"attachment-thumbnail size-thumbnail wp-post-image\" alt=\"\" style=\"\" srcset=\"https:\/\/i0.wp.com\/www.snamiroma.org\/wp1\/wp-content\/uploads\/2026\/02\/immagine.png?resize=150%2C150&amp;ssl=1 150w, https:\/\/i0.wp.com\/www.snamiroma.org\/wp1\/wp-content\/uploads\/2026\/02\/immagine.png?resize=300%2C300&amp;ssl=1 300w, https:\/\/i0.wp.com\/www.snamiroma.org\/wp1\/wp-content\/uploads\/2026\/02\/immagine.png?zoom=3&amp;resize=150%2C150&amp;ssl=1 450w\" sizes=\"(max-width: 150px) 100vw, 150px\" \/><\/div><a class=\"wp-block-latest-posts__post-title\" href=\"https:\/\/www.snamiroma.org\/wp1\/2026\/02\/09\/convocazione-assemblea-degli-iscritti-sezione-snami-roma-5\/\">Convocazione assemblea degli iscritti Sezione SNAMI ROMA<\/a><div class=\"wp-block-latest-posts__post-author\">di SNAMI Roma<\/div><div class=\"wp-block-latest-posts__post-excerpt\">Viene convocata in prima convocazione per il giorno 06 marzo 2026 alle ore 07:00&hellip;<\/div><\/li>\n<\/ul>\n\n\n<p><\/p>\n","protected":false},"excerpt":{"rendered":"<p>L&#8217;avv. Beatrice Lucarelli, legale di #SnamiRoma e #SnamiLazio, ci ha segnalato e analizzato una recente sentenza del Consiglio di Stato che stabilisce un precedente chiaro e molto importante: la competenza a definire il regime di rimborsabilit\u00e0 dei farmaci \u00e8 esclusiva dell&#8217;AIFA e non pu\u00f2 essere sovvertita dalle autorit\u00e0 sanitarie locali. Il provvedimento tutela la discrezionalit\u00e0&hellip;<\/p>\n","protected":false},"author":1,"featured_media":4049,"comment_status":"closed","ping_status":"closed","sticky":false,"template":"","format":"standard","meta":{"advanced_seo_description":"","jetpack_seo_html_title":"","jetpack_seo_noindex":false,"jetpack_post_was_ever_published":false,"_jetpack_newsletter_access":"","_jetpack_dont_email_post_to_subs":false,"_jetpack_newsletter_tier_id":0,"_jetpack_memberships_contains_paywalled_content":false,"_jetpack_memberships_contains_paid_content":false,"footnotes":"","jetpack_publicize_message":"","jetpack_publicize_feature_enabled":true,"jetpack_social_post_already_shared":true,"jetpack_social_options":{"image_generator_settings":{"template":"highway","default_image_id":0,"font":"","enabled":false},"version":2}},"categories":[27,58,59,60,106,21,55,15,56,400,18,743,891,17,846,57,3,13,14,87],"tags":[132,51,1107,673,1108,1106,668,669,341,1104,670,671],"class_list":["post-4047","post","type-post","status-publish","format-standard","has-post-thumbnail","hentry","category-accordi-collettivi","category-accordi-nazionali","category-accordi-regionali","category-aifa","category-appropriatezza-prescrittiva","category-assistenza-cure-primarie","category-assistenza-primaria","category-comunicazioni-iscritti","category-continuita-assistenziale","category-covid-19","category-documenti","category-editoriali","category-iniziative","category-legale","category-media","category-medicina-dei-servizi","category-news","category-regione-e-asl","category-sezioni-provinciali","category-unita-cure-primarie","tag-aifa","tag-asl","tag-ausl","tag-avvocato-lucarelli","tag-competenze-territoriali","tag-consiglio-di-stato","tag-consulenza-legale","tag-legale","tag-medici-di-famiglia","tag-sentenza","tag-servizi-per-iscritti","tag-tutela-legale"],"jetpack_publicize_connections":[],"jetpack_featured_media_url":"https:\/\/i0.wp.com\/www.snamiroma.org\/wp1\/wp-content\/uploads\/2025\/12\/845934598.jpg?fit=1536%2C1024&ssl=1","jetpack_sharing_enabled":true,"jetpack_likes_enabled":true,"jetpack-related-posts":[],"jetpack_shortlink":"https:\/\/wp.me\/pb3IKS-13h","_links":{"self":[{"href":"https:\/\/www.snamiroma.org\/wp1\/wp-json\/wp\/v2\/posts\/4047","targetHints":{"allow":["GET"]}}],"collection":[{"href":"https:\/\/www.snamiroma.org\/wp1\/wp-json\/wp\/v2\/posts"}],"about":[{"href":"https:\/\/www.snamiroma.org\/wp1\/wp-json\/wp\/v2\/types\/post"}],"author":[{"embeddable":true,"href":"https:\/\/www.snamiroma.org\/wp1\/wp-json\/wp\/v2\/users\/1"}],"replies":[{"embeddable":true,"href":"https:\/\/www.snamiroma.org\/wp1\/wp-json\/wp\/v2\/comments?post=4047"}],"version-history":[{"count":2,"href":"https:\/\/www.snamiroma.org\/wp1\/wp-json\/wp\/v2\/posts\/4047\/revisions"}],"predecessor-version":[{"id":4051,"href":"https:\/\/www.snamiroma.org\/wp1\/wp-json\/wp\/v2\/posts\/4047\/revisions\/4051"}],"wp:featuredmedia":[{"embeddable":true,"href":"https:\/\/www.snamiroma.org\/wp1\/wp-json\/wp\/v2\/media\/4049"}],"wp:attachment":[{"href":"https:\/\/www.snamiroma.org\/wp1\/wp-json\/wp\/v2\/media?parent=4047"}],"wp:term":[{"taxonomy":"category","embeddable":true,"href":"https:\/\/www.snamiroma.org\/wp1\/wp-json\/wp\/v2\/categories?post=4047"},{"taxonomy":"post_tag","embeddable":true,"href":"https:\/\/www.snamiroma.org\/wp1\/wp-json\/wp\/v2\/tags?post=4047"}],"curies":[{"name":"wp","href":"https:\/\/api.w.org\/{rel}","templated":true}]}}