{"id":3869,"date":"2025-07-10T10:54:15","date_gmt":"2025-07-10T08:54:15","guid":{"rendered":"https:\/\/www.snamiroma.org\/wp1\/?p=3869"},"modified":"2025-07-10T10:54:18","modified_gmt":"2025-07-10T08:54:18","slug":"invito-allevento-la-sanita-si-cura-valmontone-11-luglio","status":"publish","type":"post","link":"https:\/\/www.snamiroma.org\/wp1\/2025\/07\/10\/invito-allevento-la-sanita-si-cura-valmontone-11-luglio\/","title":{"rendered":"Invito all&#8217;Evento: La Sanit\u00e0 si Cura &#8211; VALMONTONE 11 Luglio"},"content":{"rendered":"\n<p>Siamo lieti di annunciare la nostra partecipazione a un evento di grande rilevanza per il #futuro della #sanit\u00e0, che si terr\u00e0 venerd\u00ec 11 luglio alle ore 18:30 in Piazza della Repubblica a #Valmontone, insieme alla #CGIL organizzato dal #PartitoDemocratico. Come <strong>#SNAMI<\/strong>, riteniamo fondamentale essere presenti in occasioni come questa al fianco di altre #rappresentanze #sindacali, dove si discute delle sfide e delle opportunit\u00e0 che il nostro #sistemasanitario sta affrontando nel rapporto con i cittadini che sono anche i nostri pazienti. L&#8217;incontro vedr\u00e0, oltre al contributo portato dal nostro sindacato, la partecipazione di importanti relatori, tra cui la segretaria del #PD di Valmontone, Sofia D&#8217;Ascenzi, e figure di spicco come Marta Bonafoni ed Eleonora Mattia. Sar\u00e0 un&#8217;opportunit\u00e0 preziosa per confrontarci e condividere le nostre esperienze e proposte, contribuendo cos\u00ec ad un dibattito costruttivo. Invitiamo tutti i colleghi e i cittadini a unirsi a noi per far sentire la nostra voce e lavorare insieme per un futuro migliore per la sanit\u00e0. La vostra presenza \u00e8 fondamentale per dare forza a questa iniziativa e per costruire un sistema sanitario pi\u00f9 efficace e sostenibile. Non mancate.<\/p>\n\n\n\n<p class=\"has-text-align-right\">Dr. Luca Romagnoli<\/p>\n\n\n\n<p class=\"has-text-align-right\"><strong>SNAMI Sez. di Roma<\/strong><\/p>\n\n\n\n<hr class=\"wp-block-separator has-alpha-channel-opacity\"\/>\n\n\n\n<div class=\"wp-block-group\"><div class=\"wp-block-group__inner-container is-layout-constrained wp-block-group-is-layout-constrained\">\n<p><strong>\ud83d\udcc5<\/strong> Appuntamento<\/p>\n\n\n\n<p class=\"has-text-align-center\"><strong>\ud83e\ude7a La Sanit\u00e0 si Cura<\/strong><br><strong>\ud83d\udccd Valmontone, Piazza della Repubblica<\/strong><br><strong>\ud83d\uddd3 Venerd\u00ec 11 Luglio &#8211; Ore 18:30<\/strong><\/p>\n<\/div><\/div>\n\n\n\n<p><strong>#LaSanit\u00e0SiCura #SNAMI #Valmontone #InsiemePerLaSalute #SalutePubblica #FuturoDellaSanit\u00e0 #MediciInAscolto<\/strong><\/p>\n\n\n<div class=\"wp-block-image\">\n<figure class=\"aligncenter size-large\"><img data-recalc-dims=\"1\" fetchpriority=\"high\" decoding=\"async\" width=\"819\" height=\"1024\" src=\"https:\/\/i0.wp.com\/www.snamiroma.org\/wp1\/wp-content\/uploads\/2025\/07\/immagine.png?resize=819%2C1024&#038;ssl=1\" alt=\"\" class=\"wp-image-3870\" srcset=\"https:\/\/i0.wp.com\/www.snamiroma.org\/wp1\/wp-content\/uploads\/2025\/07\/immagine.png?resize=819%2C1024&amp;ssl=1 819w, https:\/\/i0.wp.com\/www.snamiroma.org\/wp1\/wp-content\/uploads\/2025\/07\/immagine.png?resize=240%2C300&amp;ssl=1 240w, https:\/\/i0.wp.com\/www.snamiroma.org\/wp1\/wp-content\/uploads\/2025\/07\/immagine.png?resize=768%2C960&amp;ssl=1 768w, https:\/\/i0.wp.com\/www.snamiroma.org\/wp1\/wp-content\/uploads\/2025\/07\/immagine.png?w=1080&amp;ssl=1 1080w\" sizes=\"(max-width: 819px) 100vw, 819px\" \/><\/figure>\n<\/div>\n\n\n<hr class=\"wp-block-separator has-css-opacity\"\/>\n\n\n<ul class=\"wp-block-latest-posts__list is-grid columns-3 has-author wp-block-latest-posts\"><li><div class=\"wp-block-latest-posts__featured-image aligncenter\"><img decoding=\"async\" width=\"150\" height=\"150\" src=\"https:\/\/i0.wp.com\/www.snamiroma.org\/wp1\/wp-content\/uploads\/2026\/04\/4589348598.jpg?resize=150%2C150&amp;ssl=1\" class=\"attachment-thumbnail size-thumbnail wp-post-image\" alt=\"\" style=\"\" srcset=\"https:\/\/i0.wp.com\/www.snamiroma.org\/wp1\/wp-content\/uploads\/2026\/04\/4589348598.jpg?resize=150%2C150&amp;ssl=1 150w, https:\/\/i0.wp.com\/www.snamiroma.org\/wp1\/wp-content\/uploads\/2026\/04\/4589348598.jpg?resize=300%2C300&amp;ssl=1 300w, https:\/\/i0.wp.com\/www.snamiroma.org\/wp1\/wp-content\/uploads\/2026\/04\/4589348598.jpg?zoom=3&amp;resize=150%2C150&amp;ssl=1 450w\" sizes=\"(max-width: 150px) 100vw, 150px\" \/><\/div><a class=\"wp-block-latest-posts__post-title\" href=\"https:\/\/www.snamiroma.org\/wp1\/2026\/04\/10\/pss-e-fse-2-0-la-proposta-snami-per-togliere-il-carico-burocratico-ai-mmg\/\">PSS e FSE 2.0: la proposta SNAMI per togliere il carico burocratico ai MMG<\/a><div class=\"wp-block-latest-posts__post-author\">di SNAMI Roma<\/div><div class=\"wp-block-latest-posts__post-excerpt\">#SNAMI sottolinea che il Profilo #Sanitario Sintetico (#PSS) \u00e8 cruciale per il nuovo Fascicolo&hellip;<\/div><\/li>\n<li><div class=\"wp-block-latest-posts__featured-image aligncenter\"><img decoding=\"async\" width=\"150\" height=\"150\" src=\"https:\/\/i0.wp.com\/www.snamiroma.org\/wp1\/wp-content\/uploads\/2026\/04\/398549359348.jpg?resize=150%2C150&amp;ssl=1\" class=\"attachment-thumbnail size-thumbnail wp-post-image\" alt=\"\" style=\"\" srcset=\"https:\/\/i0.wp.com\/www.snamiroma.org\/wp1\/wp-content\/uploads\/2026\/04\/398549359348.jpg?resize=150%2C150&amp;ssl=1 150w, https:\/\/i0.wp.com\/www.snamiroma.org\/wp1\/wp-content\/uploads\/2026\/04\/398549359348.jpg?resize=300%2C300&amp;ssl=1 300w, https:\/\/i0.wp.com\/www.snamiroma.org\/wp1\/wp-content\/uploads\/2026\/04\/398549359348.jpg?zoom=3&amp;resize=150%2C150&amp;ssl=1 450w\" sizes=\"(max-width: 150px) 100vw, 150px\" \/><\/div><a class=\"wp-block-latest-posts__post-title\" href=\"https:\/\/www.snamiroma.org\/wp1\/2026\/04\/03\/%f0%9f%90%a3-buone-festivita-pasquali-da-snamiroma\/\">\ud83d\udc23 Buone Festivit\u00e0 Pasquali da #SNAMIROMA<\/a><div class=\"wp-block-latest-posts__post-author\">di SNAMI Roma<\/div><div class=\"wp-block-latest-posts__post-excerpt\">Cari colleghi, in occasione della #Pasqua vi rivolgiamo un caloroso augurio di serenit\u00e0, speranza&hellip;<\/div><\/li>\n<li><div class=\"wp-block-latest-posts__featured-image aligncenter\"><img loading=\"lazy\" decoding=\"async\" width=\"150\" height=\"150\" src=\"https:\/\/i0.wp.com\/www.snamiroma.org\/wp1\/wp-content\/uploads\/2024\/11\/logo_regione_lazio.jpg?resize=150%2C150&amp;ssl=1\" class=\"attachment-thumbnail size-thumbnail wp-post-image\" alt=\"\" style=\"\" srcset=\"https:\/\/i0.wp.com\/www.snamiroma.org\/wp1\/wp-content\/uploads\/2024\/11\/logo_regione_lazio.jpg?resize=150%2C150&amp;ssl=1 150w, https:\/\/i0.wp.com\/www.snamiroma.org\/wp1\/wp-content\/uploads\/2024\/11\/logo_regione_lazio.jpg?resize=300%2C300&amp;ssl=1 300w, https:\/\/i0.wp.com\/www.snamiroma.org\/wp1\/wp-content\/uploads\/2024\/11\/logo_regione_lazio.jpg?zoom=3&amp;resize=150%2C150&amp;ssl=1 450w\" sizes=\"(max-width: 150px) 100vw, 150px\" \/><\/div><a class=\"wp-block-latest-posts__post-title\" href=\"https:\/\/www.snamiroma.org\/wp1\/2026\/04\/02\/regione-lazio-sospensione-attivita-di-monitoraggio-e-svolgimento-esclusivamente-per-via-telematica\/\">Regione Lazio: sospensione attivit\u00e0 di monitoraggio e svolgimento esclusivamente per via telematica<\/a><div class=\"wp-block-latest-posts__post-author\">di SNAMI Roma<\/div><div class=\"wp-block-latest-posts__post-excerpt\">La Direzione Regionale comunica di aver ricevuto la richiesta delle OO.SS. e dispone la&hellip;<\/div><\/li>\n<li><div class=\"wp-block-latest-posts__featured-image aligncenter\"><img loading=\"lazy\" decoding=\"async\" width=\"150\" height=\"150\" src=\"https:\/\/i0.wp.com\/www.snamiroma.org\/wp1\/wp-content\/uploads\/2026\/03\/845948958.jpg?resize=150%2C150&amp;ssl=1\" class=\"attachment-thumbnail size-thumbnail wp-post-image\" alt=\"\" style=\"\" srcset=\"https:\/\/i0.wp.com\/www.snamiroma.org\/wp1\/wp-content\/uploads\/2026\/03\/845948958.jpg?resize=150%2C150&amp;ssl=1 150w, https:\/\/i0.wp.com\/www.snamiroma.org\/wp1\/wp-content\/uploads\/2026\/03\/845948958.jpg?resize=300%2C300&amp;ssl=1 300w, https:\/\/i0.wp.com\/www.snamiroma.org\/wp1\/wp-content\/uploads\/2026\/03\/845948958.jpg?zoom=3&amp;resize=150%2C150&amp;ssl=1 450w\" sizes=\"(max-width: 150px) 100vw, 150px\" \/><\/div><a class=\"wp-block-latest-posts__post-title\" href=\"https:\/\/www.snamiroma.org\/wp1\/2026\/03\/23\/snami-a-valmontone-nel-convegno-il-trattamento-ambulatoriale-delle-infezioni-batteriche-sul-tema-dellantibiotico-resistenza\/\">SNAMI a Valmontone nel Convegno &#8220;Il Trattamento Ambulatoriale delle Infezioni Batteriche&#8221; sul tema dell&#8217;antibiotico resistenza<\/a><div class=\"wp-block-latest-posts__post-author\">di SNAMI Roma<\/div><div class=\"wp-block-latest-posts__post-excerpt\">La #MedicinaGenerale si confronta sull\u2019uso corretto degli #antibiotici. Ieri, nella splendida cornice di Palazzo&hellip;<\/div><\/li>\n<li><div class=\"wp-block-latest-posts__featured-image aligncenter\"><img loading=\"lazy\" decoding=\"async\" width=\"150\" height=\"150\" src=\"https:\/\/i0.wp.com\/www.snamiroma.org\/wp1\/wp-content\/uploads\/2026\/02\/image-1.png?resize=150%2C150&amp;ssl=1\" class=\"attachment-thumbnail size-thumbnail wp-post-image\" alt=\"\" style=\"\" srcset=\"https:\/\/i0.wp.com\/www.snamiroma.org\/wp1\/wp-content\/uploads\/2026\/02\/image-1.png?resize=150%2C150&amp;ssl=1 150w, https:\/\/i0.wp.com\/www.snamiroma.org\/wp1\/wp-content\/uploads\/2026\/02\/image-1.png?resize=300%2C300&amp;ssl=1 300w, https:\/\/i0.wp.com\/www.snamiroma.org\/wp1\/wp-content\/uploads\/2026\/02\/image-1.png?zoom=3&amp;resize=150%2C150&amp;ssl=1 450w\" sizes=\"(max-width: 150px) 100vw, 150px\" \/><\/div><a class=\"wp-block-latest-posts__post-title\" href=\"https:\/\/www.snamiroma.org\/wp1\/2026\/02\/16\/comunicato-stampa-snami-bozza-air-lazio-2026-incoerente-con-il-dm-77-no-a-centralizzazione-e-disparita-tra-medici\/\">Comunicato Stampa SNAMI: \u201cBozza AIR Lazio 2026 incoerente con il DM 77. No a centralizzazione e disparit\u00e0 tra medici&#8221;<\/a><div class=\"wp-block-latest-posts__post-author\">di SNAMI Roma<\/div><div class=\"wp-block-latest-posts__post-excerpt\">Lo #SNAMI, nell\u2019ambito dell\u2019Intersindacale della #MedicinaGenerale, esprime netta contrariet\u00e0 alla bozza di Accordo Integrativo&hellip;<\/div><\/li>\n<li><div class=\"wp-block-latest-posts__featured-image aligncenter\"><img loading=\"lazy\" decoding=\"async\" width=\"150\" height=\"150\" src=\"https:\/\/i0.wp.com\/www.snamiroma.org\/wp1\/wp-content\/uploads\/2026\/02\/immagine.png?resize=150%2C150&amp;ssl=1\" class=\"attachment-thumbnail size-thumbnail wp-post-image\" alt=\"\" style=\"\" srcset=\"https:\/\/i0.wp.com\/www.snamiroma.org\/wp1\/wp-content\/uploads\/2026\/02\/immagine.png?resize=150%2C150&amp;ssl=1 150w, https:\/\/i0.wp.com\/www.snamiroma.org\/wp1\/wp-content\/uploads\/2026\/02\/immagine.png?resize=300%2C300&amp;ssl=1 300w, https:\/\/i0.wp.com\/www.snamiroma.org\/wp1\/wp-content\/uploads\/2026\/02\/immagine.png?zoom=3&amp;resize=150%2C150&amp;ssl=1 450w\" sizes=\"(max-width: 150px) 100vw, 150px\" \/><\/div><a class=\"wp-block-latest-posts__post-title\" href=\"https:\/\/www.snamiroma.org\/wp1\/2026\/02\/09\/convocazione-assemblea-degli-iscritti-sezione-snami-roma-5\/\">Convocazione assemblea degli iscritti Sezione SNAMI ROMA<\/a><div class=\"wp-block-latest-posts__post-author\">di SNAMI Roma<\/div><div class=\"wp-block-latest-posts__post-excerpt\">Viene convocata in prima convocazione per il giorno 06 marzo 2026 alle ore 07:00&hellip;<\/div><\/li>\n<\/ul>\n\n\n<p><\/p>\n","protected":false},"excerpt":{"rendered":"<p>Siamo lieti di annunciare la nostra partecipazione a un evento di grande rilevanza per il #futuro della #sanit\u00e0, che si terr\u00e0 venerd\u00ec 11 luglio alle ore 18:30 in Piazza della Repubblica a #Valmontone, insieme alla #CGIL organizzato dal #PartitoDemocratico. Come #SNAMI, riteniamo fondamentale essere presenti in occasioni come questa al fianco di altre #rappresentanze #sindacali,&hellip;<\/p>\n","protected":false},"author":1,"featured_media":3870,"comment_status":"closed","ping_status":"closed","sticky":false,"template":"","format":"standard","meta":{"advanced_seo_description":"","jetpack_seo_html_title":"","jetpack_seo_noindex":false,"jetpack_post_was_ever_published":false,"_jetpack_newsletter_access":"","_jetpack_dont_email_post_to_subs":false,"_jetpack_newsletter_tier_id":0,"_jetpack_memberships_contains_paywalled_content":false,"_jetpack_memberships_contains_paid_content":false,"footnotes":"","jetpack_publicize_message":"","jetpack_publicize_feature_enabled":true,"jetpack_social_post_already_shared":true,"jetpack_social_options":{"image_generator_settings":{"template":"highway","default_image_id":0,"font":"","enabled":false},"version":2}},"categories":[60,106,15,18,23,25,891,17,29,3,13,14],"tags":[1061,1073,341,1070,1072,812,1069],"class_list":["post-3869","post","type-post","status-publish","format-standard","has-post-thumbnail","hentry","category-aifa","category-appropriatezza-prescrittiva","category-comunicazioni-iscritti","category-documenti","category-formazione-ecm","category-giovani-medici","category-iniziative","category-legale","category-medicina-e-innovazione","category-news","category-regione-e-asl","category-sezioni-provinciali","tag-evento","tag-futuro-della-sanita","tag-medici-di-famiglia","tag-partito-democratico","tag-salutepubblica","tag-sanita","tag-valmontone"],"jetpack_publicize_connections":[],"jetpack_featured_media_url":"https:\/\/i0.wp.com\/www.snamiroma.org\/wp1\/wp-content\/uploads\/2025\/07\/immagine.png?fit=1080%2C1350&ssl=1","jetpack_sharing_enabled":true,"jetpack_likes_enabled":true,"jetpack-related-posts":[],"jetpack_shortlink":"https:\/\/wp.me\/pb3IKS-10p","_links":{"self":[{"href":"https:\/\/www.snamiroma.org\/wp1\/wp-json\/wp\/v2\/posts\/3869","targetHints":{"allow":["GET"]}}],"collection":[{"href":"https:\/\/www.snamiroma.org\/wp1\/wp-json\/wp\/v2\/posts"}],"about":[{"href":"https:\/\/www.snamiroma.org\/wp1\/wp-json\/wp\/v2\/types\/post"}],"author":[{"embeddable":true,"href":"https:\/\/www.snamiroma.org\/wp1\/wp-json\/wp\/v2\/users\/1"}],"replies":[{"embeddable":true,"href":"https:\/\/www.snamiroma.org\/wp1\/wp-json\/wp\/v2\/comments?post=3869"}],"version-history":[{"count":1,"href":"https:\/\/www.snamiroma.org\/wp1\/wp-json\/wp\/v2\/posts\/3869\/revisions"}],"predecessor-version":[{"id":3871,"href":"https:\/\/www.snamiroma.org\/wp1\/wp-json\/wp\/v2\/posts\/3869\/revisions\/3871"}],"wp:featuredmedia":[{"embeddable":true,"href":"https:\/\/www.snamiroma.org\/wp1\/wp-json\/wp\/v2\/media\/3870"}],"wp:attachment":[{"href":"https:\/\/www.snamiroma.org\/wp1\/wp-json\/wp\/v2\/media?parent=3869"}],"wp:term":[{"taxonomy":"category","embeddable":true,"href":"https:\/\/www.snamiroma.org\/wp1\/wp-json\/wp\/v2\/categories?post=3869"},{"taxonomy":"post_tag","embeddable":true,"href":"https:\/\/www.snamiroma.org\/wp1\/wp-json\/wp\/v2\/tags?post=3869"}],"curies":[{"name":"wp","href":"https:\/\/api.w.org\/{rel}","templated":true}]}}