{"id":3852,"date":"2025-06-18T21:15:27","date_gmt":"2025-06-18T19:15:27","guid":{"rendered":"https:\/\/www.snamiroma.org\/wp1\/?p=3852"},"modified":"2025-06-18T21:15:34","modified_gmt":"2025-06-18T19:15:34","slug":"comunicato-stampa-snami-sez-di-frosinone-riconosciuto-apprezzamento-per-laccordo-tra-asl-di-frosinone-e-i-comuni-di-filettino-e-trevi-nel-lazio","status":"publish","type":"post","link":"https:\/\/www.snamiroma.org\/wp1\/2025\/06\/18\/comunicato-stampa-snami-sez-di-frosinone-riconosciuto-apprezzamento-per-laccordo-tra-asl-di-frosinone-e-i-comuni-di-filettino-e-trevi-nel-lazio\/","title":{"rendered":"Comunicato Stampa SNAMI &#8211; Sez. di Frosinone: riconosciuto apprezzamento per l&#8217;accordo tra ASL di Frosinone e i Comuni di Filettino e Trevi nel Lazio"},"content":{"rendered":"\n<p>Con lettera del Presidente del Consiglio Provinciale di Frosinone, il Prof. Ing. Gianluca Quadrini, si esprime ufficialmente l&#8217;apprezzamento per l&#8217;importante accordo raggiunto grazie al lavoro del presidente provinciale <a href=\"https:\/\/www.tunews24.it\/2025\/06\/17\/sanita-territoriale-accordo-tra-asl-e-comuni-garantita-la-presenza-del-medico-di-base-a-filettino-e-trevi-nel-lazio\/\" target=\"_blank\" rel=\"noreferrer noopener\">SNAMI Dott. Giovanni Magnante<\/a> tra la ASL di Frosinone e le amministrazioni comunali di Filettino e Trevi nel Lazio. Questo accordo ha come obiettivo principale quello di garantire la presenza di un medico di base in due aree montane che, storicamente, hanno sofferto per la carenza di servizi sanitari essenziali.<\/p>\n\n\n\n<p>Il Prof. Quadrini ha sottolineato come l&#8217;impegno e la professionalit\u00e0 dimostrati nella definizione di questo accordo siano stati fondamentali per il suo successo. L&#8217;intesa rappresenta una svolta significativa nella tutela del diritto alla salute per le comunit\u00e0 periferiche della provincia di Frosinone.<\/p>\n\n\n\n<p>L&#8217;approccio collaborativo e orientato alla soluzione adottato in questo contesto \u00e8 stato evidenziato come un esempio virtuoso di sanit\u00e0 di prossimit\u00e0 e di sinergia tra enti. Non si tratta solo di un risultato amministrativo, ma di un vero e proprio atto di giustizia sociale, che riconosce il diritto dei cittadini ad accedere a cure primarie di qualit\u00e0.<\/p>\n\n\n\n<p>Il sindacato SNAMI auspica che questo modello possa essere replicato in altre aree della provincia, contribuendo a rafforzare una rete territoriale sempre pi\u00f9 attenta ai bisogni della popolazione.<\/p>\n\n\n\n<p class=\"has-text-align-right\"><\/p>\n\n\n\n<p>Altre fonti stampa:<\/p>\n\n\n\n<figure class=\"wp-block-embed is-type-wp-embed is-provider-tu-news-24-passione-per-l-039-informazione wp-block-embed-tu-news-24-passione-per-l-039-informazione\"><div class=\"wp-block-embed__wrapper\">\n<blockquote class=\"wp-embedded-content\" data-secret=\"eKDNbC8lYr\"><a href=\"https:\/\/www.tunews24.it\/2025\/06\/17\/sanita-territoriale-accordo-tra-asl-e-comuni-garantita-la-presenza-del-medico-di-base-a-filettino-e-trevi-nel-lazio\/\">Sanit\u00e0 territoriale, accordo tra ASL e Comuni: garantita la presenza del medico di base a Filettino e Trevi nel Lazio<\/a><\/blockquote><iframe class=\"wp-embedded-content\" sandbox=\"allow-scripts\" security=\"restricted\" style=\"position: absolute; visibility: hidden;\" title=\"&#8220;Sanit\u00e0 territoriale, accordo tra ASL e Comuni: garantita la presenza del medico di base a Filettino e Trevi nel Lazio&#8221; &#8212; Tu News 24 - Passione per l&#039;informazione\" src=\"https:\/\/www.tunews24.it\/2025\/06\/17\/sanita-territoriale-accordo-tra-asl-e-comuni-garantita-la-presenza-del-medico-di-base-a-filettino-e-trevi-nel-lazio\/embed\/#?secret=5U1YeWsq2b#?secret=eKDNbC8lYr\" data-secret=\"eKDNbC8lYr\" width=\"600\" height=\"338\" frameborder=\"0\" marginwidth=\"0\" marginheight=\"0\" scrolling=\"no\"><\/iframe>\n<\/div><\/figure>\n\n\n\n<h2 class=\"wp-block-heading\">Allegati:<\/h2>\n\n\n\n<div data-wp-interactive=\"core\/file\" class=\"wp-block-file aligncenter\"><object data-wp-bind--hidden=\"!state.hasPdfPreview\" hidden class=\"wp-block-file__embed\" data=\"https:\/\/www.snamiroma.org\/wp1\/wp-content\/uploads\/2025\/06\/Al-Presidente-Snami-Dott.-Magnante.pdf\" type=\"application\/pdf\" style=\"width:100%;height:600px\" aria-label=\"Incorporamento di Al Presidente Snami Dott. Magnante.\"><\/object><a id=\"wp-block-file--media-0fee0bba-311b-4fed-a332-df7ffc2e76db\" href=\"https:\/\/www.snamiroma.org\/wp1\/wp-content\/uploads\/2025\/06\/Al-Presidente-Snami-Dott.-Magnante.pdf\">Al Presidente Snami Dott. Magnante<\/a><a href=\"https:\/\/www.snamiroma.org\/wp1\/wp-content\/uploads\/2025\/06\/Al-Presidente-Snami-Dott.-Magnante.pdf\" class=\"wp-block-file__button wp-element-button\" download aria-describedby=\"wp-block-file--media-0fee0bba-311b-4fed-a332-df7ffc2e76db\">Download<\/a><\/div>\n\n\n\n<hr class=\"wp-block-separator has-css-opacity\"\/>\n\n\n<ul class=\"wp-block-latest-posts__list is-grid columns-3 has-author wp-block-latest-posts\"><li><div class=\"wp-block-latest-posts__featured-image aligncenter\"><img decoding=\"async\" width=\"150\" height=\"150\" src=\"https:\/\/i0.wp.com\/www.snamiroma.org\/wp1\/wp-content\/uploads\/2026\/04\/4589348598.jpg?resize=150%2C150&amp;ssl=1\" class=\"attachment-thumbnail size-thumbnail wp-post-image\" alt=\"\" style=\"\" srcset=\"https:\/\/i0.wp.com\/www.snamiroma.org\/wp1\/wp-content\/uploads\/2026\/04\/4589348598.jpg?resize=150%2C150&amp;ssl=1 150w, https:\/\/i0.wp.com\/www.snamiroma.org\/wp1\/wp-content\/uploads\/2026\/04\/4589348598.jpg?resize=300%2C300&amp;ssl=1 300w, https:\/\/i0.wp.com\/www.snamiroma.org\/wp1\/wp-content\/uploads\/2026\/04\/4589348598.jpg?zoom=3&amp;resize=150%2C150&amp;ssl=1 450w\" sizes=\"(max-width: 150px) 100vw, 150px\" \/><\/div><a class=\"wp-block-latest-posts__post-title\" href=\"https:\/\/www.snamiroma.org\/wp1\/2026\/04\/10\/pss-e-fse-2-0-la-proposta-snami-per-togliere-il-carico-burocratico-ai-mmg\/\">PSS e FSE 2.0: la proposta SNAMI per togliere il carico burocratico ai MMG<\/a><div class=\"wp-block-latest-posts__post-author\">di SNAMI Roma<\/div><div class=\"wp-block-latest-posts__post-excerpt\">#SNAMI sottolinea che il Profilo #Sanitario Sintetico (#PSS) \u00e8 cruciale per il nuovo Fascicolo&hellip;<\/div><\/li>\n<li><div class=\"wp-block-latest-posts__featured-image aligncenter\"><img decoding=\"async\" width=\"150\" height=\"150\" src=\"https:\/\/i0.wp.com\/www.snamiroma.org\/wp1\/wp-content\/uploads\/2026\/04\/398549359348.jpg?resize=150%2C150&amp;ssl=1\" class=\"attachment-thumbnail size-thumbnail wp-post-image\" alt=\"\" style=\"\" srcset=\"https:\/\/i0.wp.com\/www.snamiroma.org\/wp1\/wp-content\/uploads\/2026\/04\/398549359348.jpg?resize=150%2C150&amp;ssl=1 150w, https:\/\/i0.wp.com\/www.snamiroma.org\/wp1\/wp-content\/uploads\/2026\/04\/398549359348.jpg?resize=300%2C300&amp;ssl=1 300w, https:\/\/i0.wp.com\/www.snamiroma.org\/wp1\/wp-content\/uploads\/2026\/04\/398549359348.jpg?zoom=3&amp;resize=150%2C150&amp;ssl=1 450w\" sizes=\"(max-width: 150px) 100vw, 150px\" \/><\/div><a class=\"wp-block-latest-posts__post-title\" href=\"https:\/\/www.snamiroma.org\/wp1\/2026\/04\/03\/%f0%9f%90%a3-buone-festivita-pasquali-da-snamiroma\/\">\ud83d\udc23 Buone Festivit\u00e0 Pasquali da #SNAMIROMA<\/a><div class=\"wp-block-latest-posts__post-author\">di SNAMI Roma<\/div><div class=\"wp-block-latest-posts__post-excerpt\">Cari colleghi, in occasione della #Pasqua vi rivolgiamo un caloroso augurio di serenit\u00e0, speranza&hellip;<\/div><\/li>\n<li><div class=\"wp-block-latest-posts__featured-image aligncenter\"><img decoding=\"async\" width=\"150\" height=\"150\" src=\"https:\/\/i0.wp.com\/www.snamiroma.org\/wp1\/wp-content\/uploads\/2024\/11\/logo_regione_lazio.jpg?resize=150%2C150&amp;ssl=1\" class=\"attachment-thumbnail size-thumbnail wp-post-image\" alt=\"\" style=\"\" srcset=\"https:\/\/i0.wp.com\/www.snamiroma.org\/wp1\/wp-content\/uploads\/2024\/11\/logo_regione_lazio.jpg?resize=150%2C150&amp;ssl=1 150w, https:\/\/i0.wp.com\/www.snamiroma.org\/wp1\/wp-content\/uploads\/2024\/11\/logo_regione_lazio.jpg?resize=300%2C300&amp;ssl=1 300w, https:\/\/i0.wp.com\/www.snamiroma.org\/wp1\/wp-content\/uploads\/2024\/11\/logo_regione_lazio.jpg?zoom=3&amp;resize=150%2C150&amp;ssl=1 450w\" sizes=\"(max-width: 150px) 100vw, 150px\" \/><\/div><a class=\"wp-block-latest-posts__post-title\" href=\"https:\/\/www.snamiroma.org\/wp1\/2026\/04\/02\/regione-lazio-sospensione-attivita-di-monitoraggio-e-svolgimento-esclusivamente-per-via-telematica\/\">Regione Lazio: sospensione attivit\u00e0 di monitoraggio e svolgimento esclusivamente per via telematica<\/a><div class=\"wp-block-latest-posts__post-author\">di SNAMI Roma<\/div><div class=\"wp-block-latest-posts__post-excerpt\">La Direzione Regionale comunica di aver ricevuto la richiesta delle OO.SS. e dispone la&hellip;<\/div><\/li>\n<li><div class=\"wp-block-latest-posts__featured-image aligncenter\"><img loading=\"lazy\" decoding=\"async\" width=\"150\" height=\"150\" src=\"https:\/\/i0.wp.com\/www.snamiroma.org\/wp1\/wp-content\/uploads\/2026\/03\/845948958.jpg?resize=150%2C150&amp;ssl=1\" class=\"attachment-thumbnail size-thumbnail wp-post-image\" alt=\"\" style=\"\" srcset=\"https:\/\/i0.wp.com\/www.snamiroma.org\/wp1\/wp-content\/uploads\/2026\/03\/845948958.jpg?resize=150%2C150&amp;ssl=1 150w, https:\/\/i0.wp.com\/www.snamiroma.org\/wp1\/wp-content\/uploads\/2026\/03\/845948958.jpg?resize=300%2C300&amp;ssl=1 300w, https:\/\/i0.wp.com\/www.snamiroma.org\/wp1\/wp-content\/uploads\/2026\/03\/845948958.jpg?zoom=3&amp;resize=150%2C150&amp;ssl=1 450w\" sizes=\"(max-width: 150px) 100vw, 150px\" \/><\/div><a class=\"wp-block-latest-posts__post-title\" href=\"https:\/\/www.snamiroma.org\/wp1\/2026\/03\/23\/snami-a-valmontone-nel-convegno-il-trattamento-ambulatoriale-delle-infezioni-batteriche-sul-tema-dellantibiotico-resistenza\/\">SNAMI a Valmontone nel Convegno &#8220;Il Trattamento Ambulatoriale delle Infezioni Batteriche&#8221; sul tema dell&#8217;antibiotico resistenza<\/a><div class=\"wp-block-latest-posts__post-author\">di SNAMI Roma<\/div><div class=\"wp-block-latest-posts__post-excerpt\">La #MedicinaGenerale si confronta sull\u2019uso corretto degli #antibiotici. Ieri, nella splendida cornice di Palazzo&hellip;<\/div><\/li>\n<li><div class=\"wp-block-latest-posts__featured-image aligncenter\"><img loading=\"lazy\" decoding=\"async\" width=\"150\" height=\"150\" src=\"https:\/\/i0.wp.com\/www.snamiroma.org\/wp1\/wp-content\/uploads\/2026\/02\/image-1.png?resize=150%2C150&amp;ssl=1\" class=\"attachment-thumbnail size-thumbnail wp-post-image\" alt=\"\" style=\"\" srcset=\"https:\/\/i0.wp.com\/www.snamiroma.org\/wp1\/wp-content\/uploads\/2026\/02\/image-1.png?resize=150%2C150&amp;ssl=1 150w, https:\/\/i0.wp.com\/www.snamiroma.org\/wp1\/wp-content\/uploads\/2026\/02\/image-1.png?resize=300%2C300&amp;ssl=1 300w, https:\/\/i0.wp.com\/www.snamiroma.org\/wp1\/wp-content\/uploads\/2026\/02\/image-1.png?zoom=3&amp;resize=150%2C150&amp;ssl=1 450w\" sizes=\"(max-width: 150px) 100vw, 150px\" \/><\/div><a class=\"wp-block-latest-posts__post-title\" href=\"https:\/\/www.snamiroma.org\/wp1\/2026\/02\/16\/comunicato-stampa-snami-bozza-air-lazio-2026-incoerente-con-il-dm-77-no-a-centralizzazione-e-disparita-tra-medici\/\">Comunicato Stampa SNAMI: \u201cBozza AIR Lazio 2026 incoerente con il DM 77. No a centralizzazione e disparit\u00e0 tra medici&#8221;<\/a><div class=\"wp-block-latest-posts__post-author\">di SNAMI Roma<\/div><div class=\"wp-block-latest-posts__post-excerpt\">Lo #SNAMI, nell\u2019ambito dell\u2019Intersindacale della #MedicinaGenerale, esprime netta contrariet\u00e0 alla bozza di Accordo Integrativo&hellip;<\/div><\/li>\n<li><div class=\"wp-block-latest-posts__featured-image aligncenter\"><img loading=\"lazy\" decoding=\"async\" width=\"150\" height=\"150\" src=\"https:\/\/i0.wp.com\/www.snamiroma.org\/wp1\/wp-content\/uploads\/2026\/02\/immagine.png?resize=150%2C150&amp;ssl=1\" class=\"attachment-thumbnail size-thumbnail wp-post-image\" alt=\"\" style=\"\" srcset=\"https:\/\/i0.wp.com\/www.snamiroma.org\/wp1\/wp-content\/uploads\/2026\/02\/immagine.png?resize=150%2C150&amp;ssl=1 150w, https:\/\/i0.wp.com\/www.snamiroma.org\/wp1\/wp-content\/uploads\/2026\/02\/immagine.png?resize=300%2C300&amp;ssl=1 300w, https:\/\/i0.wp.com\/www.snamiroma.org\/wp1\/wp-content\/uploads\/2026\/02\/immagine.png?zoom=3&amp;resize=150%2C150&amp;ssl=1 450w\" sizes=\"(max-width: 150px) 100vw, 150px\" \/><\/div><a class=\"wp-block-latest-posts__post-title\" href=\"https:\/\/www.snamiroma.org\/wp1\/2026\/02\/09\/convocazione-assemblea-degli-iscritti-sezione-snami-roma-5\/\">Convocazione assemblea degli iscritti Sezione SNAMI ROMA<\/a><div class=\"wp-block-latest-posts__post-author\">di SNAMI Roma<\/div><div class=\"wp-block-latest-posts__post-excerpt\">Viene convocata in prima convocazione per il giorno 06 marzo 2026 alle ore 07:00&hellip;<\/div><\/li>\n<\/ul>\n\n\n<p><\/p>\n","protected":false},"excerpt":{"rendered":"<p>Con lettera del Presidente del Consiglio Provinciale di Frosinone, il Prof. Ing. Gianluca Quadrini, si esprime ufficialmente l&#8217;apprezzamento per l&#8217;importante accordo raggiunto grazie al lavoro del presidente provinciale SNAMI Dott. Giovanni Magnante tra la ASL di Frosinone e le amministrazioni comunali di Filettino e Trevi nel Lazio. Questo accordo ha come obiettivo principale quello di&hellip;<\/p>\n","protected":false},"author":1,"featured_media":3854,"comment_status":"closed","ping_status":"closed","sticky":false,"template":"","format":"standard","meta":{"advanced_seo_description":"","jetpack_seo_html_title":"","jetpack_seo_noindex":false,"jetpack_post_was_ever_published":false,"_jetpack_newsletter_access":"","_jetpack_dont_email_post_to_subs":false,"_jetpack_newsletter_tier_id":0,"_jetpack_memberships_contains_paywalled_content":false,"_jetpack_memberships_contains_paid_content":false,"footnotes":"","jetpack_publicize_message":"","jetpack_publicize_feature_enabled":true,"jetpack_social_post_already_shared":true,"jetpack_social_options":{"image_generator_settings":{"template":"highway","default_image_id":0,"font":"","enabled":false},"version":2}},"categories":[27,58,59,106,63,64,65,66,67,68,21,55,15,56,18,743,69,891,70,57,29,3,13,732,14,746,87],"tags":[51,124,1060,1057,1059,964,1055,355],"class_list":["post-3852","post","type-post","status-publish","format-standard","has-post-thumbnail","hentry","category-accordi-collettivi","category-accordi-nazionali","category-accordi-regionali","category-appropriatezza-prescrittiva","category-asl-1","category-asl-2","category-asl-3","category-asl-4","category-asl-5","category-asl-6","category-assistenza-cure-primarie","category-assistenza-primaria","category-comunicazioni-iscritti","category-continuita-assistenziale","category-documenti","category-editoriali","category-frosinone","category-iniziative","category-latina","category-medicina-dei-servizi","category-medicina-e-innovazione","category-news","category-regione-e-asl","category-rassegna-stampa","category-sezioni-provinciali","category-snamilazio","category-unita-cure-primarie","tag-asl","tag-asl-frosinone","tag-consiglio-provinciale-di-frosinone","tag-filettino","tag-giuanluca-quadrini","tag-medico-di-medicina-generale","tag-snami-frosinone","tag-snami-lazio"],"jetpack_publicize_connections":[],"jetpack_featured_media_url":"https:\/\/i0.wp.com\/www.snamiroma.org\/wp1\/wp-content\/uploads\/2025\/06\/immagine.png?fit=1390%2C867&ssl=1","jetpack_sharing_enabled":true,"jetpack_likes_enabled":true,"jetpack-related-posts":[],"jetpack_shortlink":"https:\/\/wp.me\/pb3IKS-108","_links":{"self":[{"href":"https:\/\/www.snamiroma.org\/wp1\/wp-json\/wp\/v2\/posts\/3852","targetHints":{"allow":["GET"]}}],"collection":[{"href":"https:\/\/www.snamiroma.org\/wp1\/wp-json\/wp\/v2\/posts"}],"about":[{"href":"https:\/\/www.snamiroma.org\/wp1\/wp-json\/wp\/v2\/types\/post"}],"author":[{"embeddable":true,"href":"https:\/\/www.snamiroma.org\/wp1\/wp-json\/wp\/v2\/users\/1"}],"replies":[{"embeddable":true,"href":"https:\/\/www.snamiroma.org\/wp1\/wp-json\/wp\/v2\/comments?post=3852"}],"version-history":[{"count":1,"href":"https:\/\/www.snamiroma.org\/wp1\/wp-json\/wp\/v2\/posts\/3852\/revisions"}],"predecessor-version":[{"id":3855,"href":"https:\/\/www.snamiroma.org\/wp1\/wp-json\/wp\/v2\/posts\/3852\/revisions\/3855"}],"wp:featuredmedia":[{"embeddable":true,"href":"https:\/\/www.snamiroma.org\/wp1\/wp-json\/wp\/v2\/media\/3854"}],"wp:attachment":[{"href":"https:\/\/www.snamiroma.org\/wp1\/wp-json\/wp\/v2\/media?parent=3852"}],"wp:term":[{"taxonomy":"category","embeddable":true,"href":"https:\/\/www.snamiroma.org\/wp1\/wp-json\/wp\/v2\/categories?post=3852"},{"taxonomy":"post_tag","embeddable":true,"href":"https:\/\/www.snamiroma.org\/wp1\/wp-json\/wp\/v2\/tags?post=3852"}],"curies":[{"name":"wp","href":"https:\/\/api.w.org\/{rel}","templated":true}]}}