{"id":3802,"date":"2025-04-02T19:06:05","date_gmt":"2025-04-02T17:06:05","guid":{"rendered":"https:\/\/www.snamiroma.org\/wp1\/?p=3802"},"modified":"2025-04-02T19:06:08","modified_gmt":"2025-04-02T17:06:08","slug":"resoconto-partecipazione-snami-al-comitato-regionale-per-la-stipula-del-nuovo-air","status":"publish","type":"post","link":"https:\/\/www.snamiroma.org\/wp1\/2025\/04\/02\/resoconto-partecipazione-snami-al-comitato-regionale-per-la-stipula-del-nuovo-air\/","title":{"rendered":"Resoconto partecipazione SNAMI al Comitato Regionale per la stipula del nuovo AIR"},"content":{"rendered":"\n<p>Lunedi 31 Marzo e martedi 1 aprile <strong>SNAMI Lazio<\/strong> ha partecipato ai lavori del Comitato Regionale per la stipula del nuovo AIR, iniziando con il definire ruoli e attivit\u00e0 delle nuove AFT e analizzando le criticit\u00e0 relative all&#8217;appropriatezza prescrittiva. <strong>SNAMI<\/strong> ha richiesto, vista la grave situazione di carenza di medici, che vengano quanto prima risolte le criticit\u00e0 relative all&#8217;applicazione del nuovo <strong>ACN<\/strong> in materia di rapporto ottimale, portando il massimale a 1500 scelte definitive con aggiunta del 20% di deroghe e che venga sbloccata la possibilit\u00e0 per i colleghi gi\u00e0 titolari d&#8217;incarico di <strong>Continuit\u00e0 Assistenziale<\/strong> di arrivare al massimale di 1000 scelte e 24 h settimanali; abbiamo inoltre richiesto che venga data la possibilit\u00e0 ai medici fra i 70 e i 72 anni di effettuare le sostituzioni, vista la grave carenza di sostituti.<\/p>\n\n\n\n<p>Il <strong>Presidente Dott. Giuseppe Lanna<\/strong> ha poi con forza difeso i medici dalle accuse riguardo l&#8217;<strong>appropriatezza prescrittiva<\/strong>, sottolinenando come <strong>la maggior parte dell&#8217;inappropriatezza non sia imputabile ai medici di medicina generale<\/strong>, lasciati a discutere con il paziente di prescrizioni indotte e richieste da altri; ha inoltre sottolineato ai funzionari regionali come siano stati forniti in ritardo i dati riguardo il monitoraggio trimestrale messo in campo dalla regione, impedendo di fatto il self audit e la conseguente autocorrezione<\/p>\n\n\n\n<hr class=\"wp-block-separator has-alpha-channel-opacity\"\/>\n\n\n<ul class=\"wp-block-latest-posts__list is-grid columns-3 has-author aligncenter wp-block-latest-posts\"><li><div class=\"wp-block-latest-posts__featured-image aligncenter\"><img decoding=\"async\" width=\"150\" height=\"150\" src=\"https:\/\/i0.wp.com\/www.snamiroma.org\/wp1\/wp-content\/uploads\/2026\/04\/4589348598.jpg?resize=150%2C150&amp;ssl=1\" class=\"attachment-thumbnail size-thumbnail wp-post-image\" alt=\"\" style=\"\" srcset=\"https:\/\/i0.wp.com\/www.snamiroma.org\/wp1\/wp-content\/uploads\/2026\/04\/4589348598.jpg?resize=150%2C150&amp;ssl=1 150w, https:\/\/i0.wp.com\/www.snamiroma.org\/wp1\/wp-content\/uploads\/2026\/04\/4589348598.jpg?resize=300%2C300&amp;ssl=1 300w, https:\/\/i0.wp.com\/www.snamiroma.org\/wp1\/wp-content\/uploads\/2026\/04\/4589348598.jpg?zoom=3&amp;resize=150%2C150&amp;ssl=1 450w\" sizes=\"(max-width: 150px) 100vw, 150px\" \/><\/div><a class=\"wp-block-latest-posts__post-title\" href=\"https:\/\/www.snamiroma.org\/wp1\/2026\/04\/10\/pss-e-fse-2-0-la-proposta-snami-per-togliere-il-carico-burocratico-ai-mmg\/\">PSS e FSE 2.0: la proposta SNAMI per togliere il carico burocratico ai MMG<\/a><div class=\"wp-block-latest-posts__post-author\">di SNAMI Roma<\/div><div class=\"wp-block-latest-posts__post-excerpt\">#SNAMI sottolinea che il Profilo #Sanitario Sintetico (#PSS) \u00e8 cruciale per il nuovo Fascicolo Sanitario Elettronico&hellip;<\/div><\/li>\n<li><div class=\"wp-block-latest-posts__featured-image aligncenter\"><img decoding=\"async\" width=\"150\" height=\"150\" src=\"https:\/\/i0.wp.com\/www.snamiroma.org\/wp1\/wp-content\/uploads\/2026\/04\/398549359348.jpg?resize=150%2C150&amp;ssl=1\" class=\"attachment-thumbnail size-thumbnail wp-post-image\" alt=\"\" style=\"\" srcset=\"https:\/\/i0.wp.com\/www.snamiroma.org\/wp1\/wp-content\/uploads\/2026\/04\/398549359348.jpg?resize=150%2C150&amp;ssl=1 150w, https:\/\/i0.wp.com\/www.snamiroma.org\/wp1\/wp-content\/uploads\/2026\/04\/398549359348.jpg?resize=300%2C300&amp;ssl=1 300w, https:\/\/i0.wp.com\/www.snamiroma.org\/wp1\/wp-content\/uploads\/2026\/04\/398549359348.jpg?zoom=3&amp;resize=150%2C150&amp;ssl=1 450w\" sizes=\"(max-width: 150px) 100vw, 150px\" \/><\/div><a class=\"wp-block-latest-posts__post-title\" href=\"https:\/\/www.snamiroma.org\/wp1\/2026\/04\/03\/%f0%9f%90%a3-buone-festivita-pasquali-da-snamiroma\/\">\ud83d\udc23 Buone Festivit\u00e0 Pasquali da #SNAMIROMA<\/a><div class=\"wp-block-latest-posts__post-author\">di SNAMI Roma<\/div><div class=\"wp-block-latest-posts__post-excerpt\">Cari colleghi, in occasione della #Pasqua vi rivolgiamo un caloroso augurio di serenit\u00e0, speranza e rinascita.&hellip;<\/div><\/li>\n<li><div class=\"wp-block-latest-posts__featured-image aligncenter\"><img decoding=\"async\" width=\"150\" height=\"150\" src=\"https:\/\/i0.wp.com\/www.snamiroma.org\/wp1\/wp-content\/uploads\/2024\/11\/logo_regione_lazio.jpg?resize=150%2C150&amp;ssl=1\" class=\"attachment-thumbnail size-thumbnail wp-post-image\" alt=\"\" style=\"\" srcset=\"https:\/\/i0.wp.com\/www.snamiroma.org\/wp1\/wp-content\/uploads\/2024\/11\/logo_regione_lazio.jpg?resize=150%2C150&amp;ssl=1 150w, https:\/\/i0.wp.com\/www.snamiroma.org\/wp1\/wp-content\/uploads\/2024\/11\/logo_regione_lazio.jpg?resize=300%2C300&amp;ssl=1 300w, https:\/\/i0.wp.com\/www.snamiroma.org\/wp1\/wp-content\/uploads\/2024\/11\/logo_regione_lazio.jpg?zoom=3&amp;resize=150%2C150&amp;ssl=1 450w\" sizes=\"(max-width: 150px) 100vw, 150px\" \/><\/div><a class=\"wp-block-latest-posts__post-title\" href=\"https:\/\/www.snamiroma.org\/wp1\/2026\/04\/02\/regione-lazio-sospensione-attivita-di-monitoraggio-e-svolgimento-esclusivamente-per-via-telematica\/\">Regione Lazio: sospensione attivit\u00e0 di monitoraggio e svolgimento esclusivamente per via telematica<\/a><div class=\"wp-block-latest-posts__post-author\">di SNAMI Roma<\/div><div class=\"wp-block-latest-posts__post-excerpt\">La Direzione Regionale comunica di aver ricevuto la richiesta delle OO.SS. e dispone la sospensione di&hellip;<\/div><\/li>\n<li><div class=\"wp-block-latest-posts__featured-image aligncenter\"><img loading=\"lazy\" decoding=\"async\" width=\"150\" height=\"150\" src=\"https:\/\/i0.wp.com\/www.snamiroma.org\/wp1\/wp-content\/uploads\/2026\/03\/845948958.jpg?resize=150%2C150&amp;ssl=1\" class=\"attachment-thumbnail size-thumbnail wp-post-image\" alt=\"\" style=\"\" srcset=\"https:\/\/i0.wp.com\/www.snamiroma.org\/wp1\/wp-content\/uploads\/2026\/03\/845948958.jpg?resize=150%2C150&amp;ssl=1 150w, https:\/\/i0.wp.com\/www.snamiroma.org\/wp1\/wp-content\/uploads\/2026\/03\/845948958.jpg?resize=300%2C300&amp;ssl=1 300w, https:\/\/i0.wp.com\/www.snamiroma.org\/wp1\/wp-content\/uploads\/2026\/03\/845948958.jpg?zoom=3&amp;resize=150%2C150&amp;ssl=1 450w\" sizes=\"(max-width: 150px) 100vw, 150px\" \/><\/div><a class=\"wp-block-latest-posts__post-title\" href=\"https:\/\/www.snamiroma.org\/wp1\/2026\/03\/23\/snami-a-valmontone-nel-convegno-il-trattamento-ambulatoriale-delle-infezioni-batteriche-sul-tema-dellantibiotico-resistenza\/\">SNAMI a Valmontone nel Convegno &#8220;Il Trattamento Ambulatoriale delle Infezioni Batteriche&#8221; sul tema dell&#8217;antibiotico resistenza<\/a><div class=\"wp-block-latest-posts__post-author\">di SNAMI Roma<\/div><div class=\"wp-block-latest-posts__post-excerpt\">La #MedicinaGenerale si confronta sull\u2019uso corretto degli #antibiotici. Ieri, nella splendida cornice di Palazzo Doria a&hellip;<\/div><\/li>\n<li><div class=\"wp-block-latest-posts__featured-image aligncenter\"><img loading=\"lazy\" decoding=\"async\" width=\"150\" height=\"150\" src=\"https:\/\/i0.wp.com\/www.snamiroma.org\/wp1\/wp-content\/uploads\/2026\/02\/image-1.png?resize=150%2C150&amp;ssl=1\" class=\"attachment-thumbnail size-thumbnail wp-post-image\" alt=\"\" style=\"\" srcset=\"https:\/\/i0.wp.com\/www.snamiroma.org\/wp1\/wp-content\/uploads\/2026\/02\/image-1.png?resize=150%2C150&amp;ssl=1 150w, https:\/\/i0.wp.com\/www.snamiroma.org\/wp1\/wp-content\/uploads\/2026\/02\/image-1.png?resize=300%2C300&amp;ssl=1 300w, https:\/\/i0.wp.com\/www.snamiroma.org\/wp1\/wp-content\/uploads\/2026\/02\/image-1.png?zoom=3&amp;resize=150%2C150&amp;ssl=1 450w\" sizes=\"(max-width: 150px) 100vw, 150px\" \/><\/div><a class=\"wp-block-latest-posts__post-title\" href=\"https:\/\/www.snamiroma.org\/wp1\/2026\/02\/16\/comunicato-stampa-snami-bozza-air-lazio-2026-incoerente-con-il-dm-77-no-a-centralizzazione-e-disparita-tra-medici\/\">Comunicato Stampa SNAMI: \u201cBozza AIR Lazio 2026 incoerente con il DM 77. No a centralizzazione e disparit\u00e0 tra medici&#8221;<\/a><div class=\"wp-block-latest-posts__post-author\">di SNAMI Roma<\/div><div class=\"wp-block-latest-posts__post-excerpt\">Lo #SNAMI, nell\u2019ambito dell\u2019Intersindacale della #MedicinaGenerale, esprime netta contrariet\u00e0 alla bozza di Accordo Integrativo Regionale (AIR)&hellip;<\/div><\/li>\n<li><div class=\"wp-block-latest-posts__featured-image aligncenter\"><img loading=\"lazy\" decoding=\"async\" width=\"150\" height=\"150\" src=\"https:\/\/i0.wp.com\/www.snamiroma.org\/wp1\/wp-content\/uploads\/2026\/02\/immagine.png?resize=150%2C150&amp;ssl=1\" class=\"attachment-thumbnail size-thumbnail wp-post-image\" alt=\"\" style=\"\" srcset=\"https:\/\/i0.wp.com\/www.snamiroma.org\/wp1\/wp-content\/uploads\/2026\/02\/immagine.png?resize=150%2C150&amp;ssl=1 150w, https:\/\/i0.wp.com\/www.snamiroma.org\/wp1\/wp-content\/uploads\/2026\/02\/immagine.png?resize=300%2C300&amp;ssl=1 300w, https:\/\/i0.wp.com\/www.snamiroma.org\/wp1\/wp-content\/uploads\/2026\/02\/immagine.png?zoom=3&amp;resize=150%2C150&amp;ssl=1 450w\" sizes=\"(max-width: 150px) 100vw, 150px\" \/><\/div><a class=\"wp-block-latest-posts__post-title\" href=\"https:\/\/www.snamiroma.org\/wp1\/2026\/02\/09\/convocazione-assemblea-degli-iscritti-sezione-snami-roma-5\/\">Convocazione assemblea degli iscritti Sezione SNAMI ROMA<\/a><div class=\"wp-block-latest-posts__post-author\">di SNAMI Roma<\/div><div class=\"wp-block-latest-posts__post-excerpt\">Viene convocata in prima convocazione per il giorno 06 marzo 2026 alle ore 07:00 e in&hellip;<\/div><\/li>\n<\/ul>\n\n\n<p><\/p>\n","protected":false},"excerpt":{"rendered":"<p>Lunedi 31 Marzo e martedi 1 aprile SNAMI Lazio ha partecipato ai lavori del Comitato Regionale per la stipula del nuovo AIR, iniziando con il definire ruoli e attivit\u00e0 delle nuove AFT e analizzando le criticit\u00e0 relative all&#8217;appropriatezza prescrittiva. SNAMI ha richiesto, vista la grave situazione di carenza di medici, che vengano quanto prima risolte&hellip;<\/p>\n","protected":false},"author":1,"featured_media":3666,"comment_status":"closed","ping_status":"closed","sticky":false,"template":"","format":"standard","meta":{"advanced_seo_description":"","jetpack_seo_html_title":"","jetpack_seo_noindex":false,"jetpack_post_was_ever_published":false,"_jetpack_newsletter_access":"","_jetpack_dont_email_post_to_subs":false,"_jetpack_newsletter_tier_id":0,"_jetpack_memberships_contains_paywalled_content":false,"_jetpack_memberships_contains_paid_content":false,"footnotes":"","jetpack_publicize_message":"","jetpack_publicize_feature_enabled":true,"jetpack_social_post_already_shared":true,"jetpack_social_options":{"image_generator_settings":{"template":"highway","default_image_id":0,"font":"","enabled":false},"version":2}},"categories":[27,59,106,21,55,15,56,69,891,70,846,29,3,13,36,732,62,71,14,828,746,87,72],"tags":[949,1045,197,894,355,193,180],"class_list":["post-3802","post","type-post","status-publish","format-standard","has-post-thumbnail","hentry","category-accordi-collettivi","category-accordi-regionali","category-appropriatezza-prescrittiva","category-assistenza-cure-primarie","category-assistenza-primaria","category-comunicazioni-iscritti","category-continuita-assistenziale","category-frosinone","category-iniziative","category-latina","category-media","category-medicina-e-innovazione","category-news","category-regione-e-asl","category-ordine-dei-medici","category-rassegna-stampa","category-regione-lazio-dispositivi-e-circolari","category-rieti","category-sezioni-provinciali","category-snami-nazionale","category-snamilazio","category-unita-cure-primarie","category-viterbo","tag-air","tag-comitato-regionale","tag-continuita-assistenziale","tag-medicina-territoriale","tag-snami-lazio","tag-snamiroma","tag-ssn"],"jetpack_publicize_connections":[],"jetpack_featured_media_url":"https:\/\/i0.wp.com\/www.snamiroma.org\/wp1\/wp-content\/uploads\/2024\/11\/logo_snamiroma_regular.jpg?fit=1093%2C776&ssl=1","jetpack_sharing_enabled":true,"jetpack_likes_enabled":true,"jetpack-related-posts":[],"jetpack_shortlink":"https:\/\/wp.me\/pb3IKS-Zk","_links":{"self":[{"href":"https:\/\/www.snamiroma.org\/wp1\/wp-json\/wp\/v2\/posts\/3802","targetHints":{"allow":["GET"]}}],"collection":[{"href":"https:\/\/www.snamiroma.org\/wp1\/wp-json\/wp\/v2\/posts"}],"about":[{"href":"https:\/\/www.snamiroma.org\/wp1\/wp-json\/wp\/v2\/types\/post"}],"author":[{"embeddable":true,"href":"https:\/\/www.snamiroma.org\/wp1\/wp-json\/wp\/v2\/users\/1"}],"replies":[{"embeddable":true,"href":"https:\/\/www.snamiroma.org\/wp1\/wp-json\/wp\/v2\/comments?post=3802"}],"version-history":[{"count":1,"href":"https:\/\/www.snamiroma.org\/wp1\/wp-json\/wp\/v2\/posts\/3802\/revisions"}],"predecessor-version":[{"id":3803,"href":"https:\/\/www.snamiroma.org\/wp1\/wp-json\/wp\/v2\/posts\/3802\/revisions\/3803"}],"wp:featuredmedia":[{"embeddable":true,"href":"https:\/\/www.snamiroma.org\/wp1\/wp-json\/wp\/v2\/media\/3666"}],"wp:attachment":[{"href":"https:\/\/www.snamiroma.org\/wp1\/wp-json\/wp\/v2\/media?parent=3802"}],"wp:term":[{"taxonomy":"category","embeddable":true,"href":"https:\/\/www.snamiroma.org\/wp1\/wp-json\/wp\/v2\/categories?post=3802"},{"taxonomy":"post_tag","embeddable":true,"href":"https:\/\/www.snamiroma.org\/wp1\/wp-json\/wp\/v2\/tags?post=3802"}],"curies":[{"name":"wp","href":"https:\/\/api.w.org\/{rel}","templated":true}]}}