{"id":3703,"date":"2024-12-11T23:31:51","date_gmt":"2024-12-11T22:31:51","guid":{"rendered":"https:\/\/www.snamiroma.org\/wp1\/?p=3703"},"modified":"2024-12-11T23:31:54","modified_gmt":"2024-12-11T22:31:54","slug":"snami-nazionale-la-medicina-generale-necessita-di-interventi-strutturali-non-solo-proroghe","status":"publish","type":"post","link":"https:\/\/www.snamiroma.org\/wp1\/2024\/12\/11\/snami-nazionale-la-medicina-generale-necessita-di-interventi-strutturali-non-solo-proroghe\/","title":{"rendered":"SNAMI NAZIONALE: la medicina generale necessita di interventi strutturali, non solo proroghe"},"content":{"rendered":"\n<p class=\"has-text-align-left\">\u201cLeggiamo toni entusiastici di chi definisce \u2018grande attenzione alla categoria\u2019 ci\u00f2 che in realt\u00e0 \u00e8 poco pi\u00f9 di un\u2019aggiustatina al sistema\u201d, dichiara il presidente nazionale SNAMI, Angelo Testa, in merito alle disposizioni sulla medicina generale contenute nel decreto Milleproroghe. \u201cNon possiamo negare che la proroga degli incarichi per i medici iscritti al Corso di formazione specifica in medicina generale sia una misura positiva e necessaria, ma si tratta di un provvedimento di puro buonsenso. Nulla di strutturale \u00e8 stato fatto per risolvere le gravi criticit\u00e0 del nostro settore: che fine hanno fatto la riforma della specializzazione, promessa e mai realizzata?<\/p>\n\n\n\n<p class=\"has-text-align-left\">Che fine ha fatto la flat tax per i medici di medicina generale, misura pi\u00f9 volte chiesta da SNAMI, che potrebbe rendere la professione pi\u00f9 attrattiva e sostenibile? Il governo e il ministro si limitano a tamponare le emergenze, ma non sembrano avere una visione di lungo periodo per la medicina generale.\u201d SNAMI sottolinea come la categoria sia ancora in attesa di interventi concreti per garantire un futuro migliore sia ai professionisti sia ai pazienti. \u201cSiamo anni luce lontani dalla nostra proposta di riforma della medicina generale che trasformi il percorso in una vera e propria specializzazione equiparata a quelle universitarie\u201d, prosegue Testa. \u201cContinuare a ignorare questo tema significa mantenere la professione in uno stato di perenne precariet\u00e0 e disincentivare i giovani a intraprendere questa strada.\u201d<\/p>\n\n\n\n<p class=\"has-text-align-left\">Il leader SNAMI esprime grande preoccupazione: \u201cSe questa \u00e8 l\u2019attenzione del governo e del ministro alla medicina generale, siamo molto preoccupati: non basta prorogare ci\u00f2 che rischiava di scadere, serve un piano serio e coraggioso per arginare la grave carenza di medici di medicina generale e dare risposte concrete a una categoria sempre pi\u00f9 in difficolt\u00e0. Servono interventi che restituiscano dignit\u00e0 alla nostra professione e la rendano attrattiva per le nuove generazioni.<\/p>\n\n\n\n<p class=\"has-text-align-left\">Tutto il resto \u00e8 solo un palliativo temporaneo, che non cambia la realt\u00e0 drammatica che viviamo ogni giorno sul territorio,\u201d conclude Testa.<\/p>\n\n\n\n<h3 class=\"wp-block-heading\">Documenti allegati<\/h3>\n\n\n\n<div data-wp-interactive=\"core\/file\" class=\"wp-block-file aligncenter\"><object data-wp-bind--hidden=\"!state.hasPdfPreview\" hidden class=\"wp-block-file__embed\" data=\"https:\/\/www.snamiroma.org\/wp1\/wp-content\/uploads\/2024\/12\/Comunicato-stampa-SNAMI-Nazionale-11.12.2024.pdf\" type=\"application\/pdf\" style=\"width:100%;height:600px\" aria-label=\"Incorporamento di Comunicato-stampa-SNAMI-Nazionale-11.12.2024.\"><\/object><a id=\"wp-block-file--media-349af8f1-efa5-4ca4-bbe3-0e210df49d20\" href=\"https:\/\/www.snamiroma.org\/wp1\/wp-content\/uploads\/2024\/12\/Comunicato-stampa-SNAMI-Nazionale-11.12.2024.pdf\">Comunicato-stampa-SNAMI-Nazionale-11.12.2024<\/a><a href=\"https:\/\/www.snamiroma.org\/wp1\/wp-content\/uploads\/2024\/12\/Comunicato-stampa-SNAMI-Nazionale-11.12.2024.pdf\" class=\"wp-block-file__button wp-element-button\" download aria-describedby=\"wp-block-file--media-349af8f1-efa5-4ca4-bbe3-0e210df49d20\">Download<\/a><\/div>\n\n\n\n<hr class=\"wp-block-separator has-css-opacity\"\/>\n\n\n<ul class=\"wp-block-latest-posts__list is-grid columns-3 has-author wp-block-latest-posts\"><li><div class=\"wp-block-latest-posts__featured-image aligncenter\"><img decoding=\"async\" width=\"150\" height=\"150\" src=\"https:\/\/i0.wp.com\/www.snamiroma.org\/wp1\/wp-content\/uploads\/2026\/04\/4589348598.jpg?resize=150%2C150&amp;ssl=1\" class=\"attachment-thumbnail size-thumbnail wp-post-image\" alt=\"\" style=\"\" srcset=\"https:\/\/i0.wp.com\/www.snamiroma.org\/wp1\/wp-content\/uploads\/2026\/04\/4589348598.jpg?resize=150%2C150&amp;ssl=1 150w, https:\/\/i0.wp.com\/www.snamiroma.org\/wp1\/wp-content\/uploads\/2026\/04\/4589348598.jpg?resize=300%2C300&amp;ssl=1 300w, https:\/\/i0.wp.com\/www.snamiroma.org\/wp1\/wp-content\/uploads\/2026\/04\/4589348598.jpg?zoom=3&amp;resize=150%2C150&amp;ssl=1 450w\" sizes=\"(max-width: 150px) 100vw, 150px\" \/><\/div><a class=\"wp-block-latest-posts__post-title\" href=\"https:\/\/www.snamiroma.org\/wp1\/2026\/04\/10\/pss-e-fse-2-0-la-proposta-snami-per-togliere-il-carico-burocratico-ai-mmg\/\">PSS e FSE 2.0: la proposta SNAMI per togliere il carico burocratico ai MMG<\/a><div class=\"wp-block-latest-posts__post-author\">di SNAMI Roma<\/div><div class=\"wp-block-latest-posts__post-excerpt\">#SNAMI sottolinea che il Profilo #Sanitario Sintetico (#PSS) \u00e8 cruciale per il nuovo Fascicolo&hellip;<\/div><\/li>\n<li><div class=\"wp-block-latest-posts__featured-image aligncenter\"><img decoding=\"async\" width=\"150\" height=\"150\" src=\"https:\/\/i0.wp.com\/www.snamiroma.org\/wp1\/wp-content\/uploads\/2026\/04\/398549359348.jpg?resize=150%2C150&amp;ssl=1\" class=\"attachment-thumbnail size-thumbnail wp-post-image\" alt=\"\" style=\"\" srcset=\"https:\/\/i0.wp.com\/www.snamiroma.org\/wp1\/wp-content\/uploads\/2026\/04\/398549359348.jpg?resize=150%2C150&amp;ssl=1 150w, https:\/\/i0.wp.com\/www.snamiroma.org\/wp1\/wp-content\/uploads\/2026\/04\/398549359348.jpg?resize=300%2C300&amp;ssl=1 300w, https:\/\/i0.wp.com\/www.snamiroma.org\/wp1\/wp-content\/uploads\/2026\/04\/398549359348.jpg?zoom=3&amp;resize=150%2C150&amp;ssl=1 450w\" sizes=\"(max-width: 150px) 100vw, 150px\" \/><\/div><a class=\"wp-block-latest-posts__post-title\" href=\"https:\/\/www.snamiroma.org\/wp1\/2026\/04\/03\/%f0%9f%90%a3-buone-festivita-pasquali-da-snamiroma\/\">\ud83d\udc23 Buone Festivit\u00e0 Pasquali da #SNAMIROMA<\/a><div class=\"wp-block-latest-posts__post-author\">di SNAMI Roma<\/div><div class=\"wp-block-latest-posts__post-excerpt\">Cari colleghi, in occasione della #Pasqua vi rivolgiamo un caloroso augurio di serenit\u00e0, speranza&hellip;<\/div><\/li>\n<li><div class=\"wp-block-latest-posts__featured-image aligncenter\"><img decoding=\"async\" width=\"150\" height=\"150\" src=\"https:\/\/i0.wp.com\/www.snamiroma.org\/wp1\/wp-content\/uploads\/2024\/11\/logo_regione_lazio.jpg?resize=150%2C150&amp;ssl=1\" class=\"attachment-thumbnail size-thumbnail wp-post-image\" alt=\"\" style=\"\" srcset=\"https:\/\/i0.wp.com\/www.snamiroma.org\/wp1\/wp-content\/uploads\/2024\/11\/logo_regione_lazio.jpg?resize=150%2C150&amp;ssl=1 150w, https:\/\/i0.wp.com\/www.snamiroma.org\/wp1\/wp-content\/uploads\/2024\/11\/logo_regione_lazio.jpg?resize=300%2C300&amp;ssl=1 300w, https:\/\/i0.wp.com\/www.snamiroma.org\/wp1\/wp-content\/uploads\/2024\/11\/logo_regione_lazio.jpg?zoom=3&amp;resize=150%2C150&amp;ssl=1 450w\" sizes=\"(max-width: 150px) 100vw, 150px\" \/><\/div><a class=\"wp-block-latest-posts__post-title\" href=\"https:\/\/www.snamiroma.org\/wp1\/2026\/04\/02\/regione-lazio-sospensione-attivita-di-monitoraggio-e-svolgimento-esclusivamente-per-via-telematica\/\">Regione Lazio: sospensione attivit\u00e0 di monitoraggio e svolgimento esclusivamente per via telematica<\/a><div class=\"wp-block-latest-posts__post-author\">di SNAMI Roma<\/div><div class=\"wp-block-latest-posts__post-excerpt\">La Direzione Regionale comunica di aver ricevuto la richiesta delle OO.SS. e dispone la&hellip;<\/div><\/li>\n<li><div class=\"wp-block-latest-posts__featured-image aligncenter\"><img loading=\"lazy\" decoding=\"async\" width=\"150\" height=\"150\" src=\"https:\/\/i0.wp.com\/www.snamiroma.org\/wp1\/wp-content\/uploads\/2026\/03\/845948958.jpg?resize=150%2C150&amp;ssl=1\" class=\"attachment-thumbnail size-thumbnail wp-post-image\" alt=\"\" style=\"\" srcset=\"https:\/\/i0.wp.com\/www.snamiroma.org\/wp1\/wp-content\/uploads\/2026\/03\/845948958.jpg?resize=150%2C150&amp;ssl=1 150w, https:\/\/i0.wp.com\/www.snamiroma.org\/wp1\/wp-content\/uploads\/2026\/03\/845948958.jpg?resize=300%2C300&amp;ssl=1 300w, https:\/\/i0.wp.com\/www.snamiroma.org\/wp1\/wp-content\/uploads\/2026\/03\/845948958.jpg?zoom=3&amp;resize=150%2C150&amp;ssl=1 450w\" sizes=\"(max-width: 150px) 100vw, 150px\" \/><\/div><a class=\"wp-block-latest-posts__post-title\" href=\"https:\/\/www.snamiroma.org\/wp1\/2026\/03\/23\/snami-a-valmontone-nel-convegno-il-trattamento-ambulatoriale-delle-infezioni-batteriche-sul-tema-dellantibiotico-resistenza\/\">SNAMI a Valmontone nel Convegno &#8220;Il Trattamento Ambulatoriale delle Infezioni Batteriche&#8221; sul tema dell&#8217;antibiotico resistenza<\/a><div class=\"wp-block-latest-posts__post-author\">di SNAMI Roma<\/div><div class=\"wp-block-latest-posts__post-excerpt\">La #MedicinaGenerale si confronta sull\u2019uso corretto degli #antibiotici. Ieri, nella splendida cornice di Palazzo&hellip;<\/div><\/li>\n<li><div class=\"wp-block-latest-posts__featured-image aligncenter\"><img loading=\"lazy\" decoding=\"async\" width=\"150\" height=\"150\" src=\"https:\/\/i0.wp.com\/www.snamiroma.org\/wp1\/wp-content\/uploads\/2026\/02\/image-1.png?resize=150%2C150&amp;ssl=1\" class=\"attachment-thumbnail size-thumbnail wp-post-image\" alt=\"\" style=\"\" srcset=\"https:\/\/i0.wp.com\/www.snamiroma.org\/wp1\/wp-content\/uploads\/2026\/02\/image-1.png?resize=150%2C150&amp;ssl=1 150w, https:\/\/i0.wp.com\/www.snamiroma.org\/wp1\/wp-content\/uploads\/2026\/02\/image-1.png?resize=300%2C300&amp;ssl=1 300w, https:\/\/i0.wp.com\/www.snamiroma.org\/wp1\/wp-content\/uploads\/2026\/02\/image-1.png?zoom=3&amp;resize=150%2C150&amp;ssl=1 450w\" sizes=\"(max-width: 150px) 100vw, 150px\" \/><\/div><a class=\"wp-block-latest-posts__post-title\" href=\"https:\/\/www.snamiroma.org\/wp1\/2026\/02\/16\/comunicato-stampa-snami-bozza-air-lazio-2026-incoerente-con-il-dm-77-no-a-centralizzazione-e-disparita-tra-medici\/\">Comunicato Stampa SNAMI: \u201cBozza AIR Lazio 2026 incoerente con il DM 77. No a centralizzazione e disparit\u00e0 tra medici&#8221;<\/a><div class=\"wp-block-latest-posts__post-author\">di SNAMI Roma<\/div><div class=\"wp-block-latest-posts__post-excerpt\">Lo #SNAMI, nell\u2019ambito dell\u2019Intersindacale della #MedicinaGenerale, esprime netta contrariet\u00e0 alla bozza di Accordo Integrativo&hellip;<\/div><\/li>\n<li><div class=\"wp-block-latest-posts__featured-image aligncenter\"><img loading=\"lazy\" decoding=\"async\" width=\"150\" height=\"150\" src=\"https:\/\/i0.wp.com\/www.snamiroma.org\/wp1\/wp-content\/uploads\/2026\/02\/immagine.png?resize=150%2C150&amp;ssl=1\" class=\"attachment-thumbnail size-thumbnail wp-post-image\" alt=\"\" style=\"\" srcset=\"https:\/\/i0.wp.com\/www.snamiroma.org\/wp1\/wp-content\/uploads\/2026\/02\/immagine.png?resize=150%2C150&amp;ssl=1 150w, https:\/\/i0.wp.com\/www.snamiroma.org\/wp1\/wp-content\/uploads\/2026\/02\/immagine.png?resize=300%2C300&amp;ssl=1 300w, https:\/\/i0.wp.com\/www.snamiroma.org\/wp1\/wp-content\/uploads\/2026\/02\/immagine.png?zoom=3&amp;resize=150%2C150&amp;ssl=1 450w\" sizes=\"(max-width: 150px) 100vw, 150px\" \/><\/div><a class=\"wp-block-latest-posts__post-title\" href=\"https:\/\/www.snamiroma.org\/wp1\/2026\/02\/09\/convocazione-assemblea-degli-iscritti-sezione-snami-roma-5\/\">Convocazione assemblea degli iscritti Sezione SNAMI ROMA<\/a><div class=\"wp-block-latest-posts__post-author\">di SNAMI Roma<\/div><div class=\"wp-block-latest-posts__post-excerpt\">Viene convocata in prima convocazione per il giorno 06 marzo 2026 alle ore 07:00&hellip;<\/div><\/li>\n<\/ul>\n\n\n<p><\/p>\n","protected":false},"excerpt":{"rendered":"<p>\u201cLeggiamo toni entusiastici di chi definisce \u2018grande attenzione alla categoria\u2019 ci\u00f2 che in realt\u00e0 \u00e8 poco pi\u00f9 di un\u2019aggiustatina al sistema\u201d, dichiara il presidente nazionale SNAMI, Angelo Testa, in merito alle disposizioni sulla medicina generale contenute nel decreto Milleproroghe. \u201cNon possiamo negare che la proroga degli incarichi per i medici iscritti al Corso di formazione&hellip;<\/p>\n","protected":false},"author":1,"featured_media":3705,"comment_status":"closed","ping_status":"closed","sticky":false,"template":"","format":"standard","meta":{"advanced_seo_description":"","jetpack_seo_html_title":"","jetpack_seo_noindex":false,"jetpack_post_was_ever_published":false,"_jetpack_newsletter_access":"","_jetpack_dont_email_post_to_subs":false,"_jetpack_newsletter_tier_id":0,"_jetpack_memberships_contains_paywalled_content":false,"_jetpack_memberships_contains_paid_content":false,"footnotes":"","jetpack_publicize_message":"","jetpack_publicize_feature_enabled":true,"jetpack_social_post_already_shared":true,"jetpack_social_options":{"image_generator_settings":{"template":"highway","default_image_id":0,"font":"","enabled":false},"version":2}},"categories":[27,58,59,106,21,55,15,56,18,743,69,70,17,846,57,30,3,13,14,828,746],"tags":[148,1019,1018,1021,176,355,216,193],"class_list":["post-3703","post","type-post","status-publish","format-standard","has-post-thumbnail","hentry","category-accordi-collettivi","category-accordi-nazionali","category-accordi-regionali","category-appropriatezza-prescrittiva","category-assistenza-cure-primarie","category-assistenza-primaria","category-comunicazioni-iscritti","category-continuita-assistenziale","category-documenti","category-editoriali","category-frosinone","category-latina","category-legale","category-media","category-medicina-dei-servizi","category-ministero-della-salute","category-news","category-regione-e-asl","category-sezioni-provinciali","category-snami-nazionale","category-snamilazio","tag-emergenze","tag-flat-tax","tag-interventi-strutturali","tag-manovra","tag-milleproroghe","tag-snami-lazio","tag-snami-nazionale","tag-snamiroma"],"jetpack_publicize_connections":[],"jetpack_featured_media_url":"https:\/\/i0.wp.com\/www.snamiroma.org\/wp1\/wp-content\/uploads\/2024\/12\/immagine.png?fit=894%2C732&ssl=1","jetpack_sharing_enabled":true,"jetpack_likes_enabled":true,"jetpack-related-posts":[],"jetpack_shortlink":"https:\/\/wp.me\/pb3IKS-XJ","_links":{"self":[{"href":"https:\/\/www.snamiroma.org\/wp1\/wp-json\/wp\/v2\/posts\/3703","targetHints":{"allow":["GET"]}}],"collection":[{"href":"https:\/\/www.snamiroma.org\/wp1\/wp-json\/wp\/v2\/posts"}],"about":[{"href":"https:\/\/www.snamiroma.org\/wp1\/wp-json\/wp\/v2\/types\/post"}],"author":[{"embeddable":true,"href":"https:\/\/www.snamiroma.org\/wp1\/wp-json\/wp\/v2\/users\/1"}],"replies":[{"embeddable":true,"href":"https:\/\/www.snamiroma.org\/wp1\/wp-json\/wp\/v2\/comments?post=3703"}],"version-history":[{"count":1,"href":"https:\/\/www.snamiroma.org\/wp1\/wp-json\/wp\/v2\/posts\/3703\/revisions"}],"predecessor-version":[{"id":3706,"href":"https:\/\/www.snamiroma.org\/wp1\/wp-json\/wp\/v2\/posts\/3703\/revisions\/3706"}],"wp:featuredmedia":[{"embeddable":true,"href":"https:\/\/www.snamiroma.org\/wp1\/wp-json\/wp\/v2\/media\/3705"}],"wp:attachment":[{"href":"https:\/\/www.snamiroma.org\/wp1\/wp-json\/wp\/v2\/media?parent=3703"}],"wp:term":[{"taxonomy":"category","embeddable":true,"href":"https:\/\/www.snamiroma.org\/wp1\/wp-json\/wp\/v2\/categories?post=3703"},{"taxonomy":"post_tag","embeddable":true,"href":"https:\/\/www.snamiroma.org\/wp1\/wp-json\/wp\/v2\/tags?post=3703"}],"curies":[{"name":"wp","href":"https:\/\/api.w.org\/{rel}","templated":true}]}}