{"id":3522,"date":"2024-06-12T01:00:56","date_gmt":"2024-06-11T23:00:56","guid":{"rendered":"https:\/\/www.snamiroma.org\/wp1\/?p=3522"},"modified":"2024-06-12T01:01:00","modified_gmt":"2024-06-11T23:01:00","slug":"nuove-disposizioni-dalla-regione-lazio-su-modalita-prescrittiva-delle-specialita-medicinali-trulicity-ed-ozempic","status":"publish","type":"post","link":"https:\/\/www.snamiroma.org\/wp1\/2024\/06\/12\/nuove-disposizioni-dalla-regione-lazio-su-modalita-prescrittiva-delle-specialita-medicinali-trulicity-ed-ozempic\/","title":{"rendered":"Nuove disposizioni dalla Regione Lazio su modalit\u00e0 prescrittiva delle specialit\u00e0 medicinali TRULICITY ed OZEMPIC"},"content":{"rendered":"\n<p class=\"has-text-align-justify\">La Regione Lazio comunica che &#8220;A seguito della carenza, certificata dall&#8217;Agenzia Italiana del Farmaco, delle specialit\u00e0 medicinali TRULICITY ed OZEMPIC, esplicitate nelle tabelle sottostanti, la distribuzione dei prodotti \u00e8 temporaneamente contingentata; pertanto, al fine di garantire equit\u00e0 nell&#8217;approvvigionamento a tutti i pazienti in trattamento, l&#8217;erogazione dei farmaci \u00e8 temporaneamente limitata ad una (1) confezione per ricetta fino a risoluzione della carenza.&#8221; Alleghiamo nota regionale di chiarimento.<\/p>\n\n\n\n<h4 class=\"wp-block-heading\">Documenti allegati:&#8221;<\/h4>\n\n\n\n<div data-wp-interactive=\"core\/file\" class=\"wp-block-file aligncenter\"><object data-wp-bind--hidden=\"!state.hasPdfPreview\" hidden class=\"wp-block-file__embed\" data=\"https:\/\/www.snamiroma.org\/wp1\/wp-content\/uploads\/2024\/06\/6585878769.pdf\" type=\"application\/pdf\" style=\"width:100%;height:600px\" aria-label=\"Incorporamento di 6585878769.\"><\/object><a id=\"wp-block-file--media-d6d00d18-6cfd-4886-b6d0-fef01fdab315\" href=\"https:\/\/www.snamiroma.org\/wp1\/wp-content\/uploads\/2024\/06\/6585878769.pdf\">6585878769<\/a><a href=\"https:\/\/www.snamiroma.org\/wp1\/wp-content\/uploads\/2024\/06\/6585878769.pdf\" class=\"wp-block-file__button wp-element-button\" download aria-describedby=\"wp-block-file--media-d6d00d18-6cfd-4886-b6d0-fef01fdab315\">Download<\/a><\/div>\n\n\n\n<hr class=\"wp-block-separator has-css-opacity\"\/>\n\n\n<ul class=\"wp-block-latest-posts__list is-grid columns-3 has-dates wp-block-latest-posts\"><li><div class=\"wp-block-latest-posts__featured-image\"><img decoding=\"async\" width=\"150\" height=\"150\" src=\"https:\/\/i0.wp.com\/www.snamiroma.org\/wp1\/wp-content\/uploads\/2026\/07\/dott_giuseppe_di_donna.jpg?resize=150%2C150&amp;ssl=1\" class=\"attachment-thumbnail size-thumbnail wp-post-image\" alt=\"\" style=\"\" srcset=\"https:\/\/i0.wp.com\/www.snamiroma.org\/wp1\/wp-content\/uploads\/2026\/07\/dott_giuseppe_di_donna.jpg?resize=150%2C150&amp;ssl=1 150w, https:\/\/i0.wp.com\/www.snamiroma.org\/wp1\/wp-content\/uploads\/2026\/07\/dott_giuseppe_di_donna.jpg?resize=300%2C300&amp;ssl=1 300w, https:\/\/i0.wp.com\/www.snamiroma.org\/wp1\/wp-content\/uploads\/2026\/07\/dott_giuseppe_di_donna.jpg?zoom=3&amp;resize=150%2C150&amp;ssl=1 450w\" sizes=\"(max-width: 150px) 100vw, 150px\" \/><\/div><a class=\"wp-block-latest-posts__post-title\" href=\"https:\/\/www.snamiroma.org\/wp1\/2026\/07\/26\/in-memoriam-dott-giuseppe-di-donna\/\">IN MEMORIAM: Dott. Giuseppe Di Donna<\/a><time datetime=\"2026-07-26T23:30:00+02:00\" class=\"wp-block-latest-posts__post-date\">26\/07\/2026<\/time><div class=\"wp-block-latest-posts__post-excerpt\">In Memoriam | Oggi apprendiamo della perdita del nostro amato amico e&hellip;<\/div><\/li>\n<li><div class=\"wp-block-latest-posts__featured-image\"><img decoding=\"async\" width=\"150\" height=\"150\" src=\"https:\/\/i0.wp.com\/www.snamiroma.org\/wp1\/wp-content\/uploads\/2026\/05\/8582393433309433.jpg?resize=150%2C150&amp;ssl=1\" class=\"attachment-thumbnail size-thumbnail wp-post-image\" alt=\"\" style=\"\" srcset=\"https:\/\/i0.wp.com\/www.snamiroma.org\/wp1\/wp-content\/uploads\/2026\/05\/8582393433309433.jpg?resize=150%2C150&amp;ssl=1 150w, https:\/\/i0.wp.com\/www.snamiroma.org\/wp1\/wp-content\/uploads\/2026\/05\/8582393433309433.jpg?resize=300%2C300&amp;ssl=1 300w, https:\/\/i0.wp.com\/www.snamiroma.org\/wp1\/wp-content\/uploads\/2026\/05\/8582393433309433.jpg?zoom=3&amp;resize=150%2C150&amp;ssl=1 450w\" sizes=\"(max-width: 150px) 100vw, 150px\" \/><\/div><a class=\"wp-block-latest-posts__post-title\" href=\"https:\/\/www.snamiroma.org\/wp1\/2026\/07\/07\/tar-lazio-sentenza-n-11984-2026-illegittima-la-prescrizione-suggerita-che-vincolava-i-medici-di-famiglia\/\">TAR Lazio sentenza n. 11984\/2026: illegittima la &#8220;prescrizione suggerita&#8221; che vincolava i medici di famiglia<\/a><time datetime=\"2026-07-07T11:44:30+02:00\" class=\"wp-block-latest-posts__post-date\">07\/07\/2026<\/time><div class=\"wp-block-latest-posts__post-excerpt\">L&#8217;avv. Beatrice Lucarelli, legale di #SnamiRoma e #SnamiLazio, ci ha segnalato ed&hellip;<\/div><\/li>\n<li><div class=\"wp-block-latest-posts__featured-image\"><img decoding=\"async\" width=\"150\" height=\"150\" src=\"https:\/\/i0.wp.com\/www.snamiroma.org\/wp1\/wp-content\/uploads\/2026\/05\/8582393433309433.jpg?resize=150%2C150&amp;ssl=1\" class=\"attachment-thumbnail size-thumbnail wp-post-image\" alt=\"\" style=\"\" srcset=\"https:\/\/i0.wp.com\/www.snamiroma.org\/wp1\/wp-content\/uploads\/2026\/05\/8582393433309433.jpg?resize=150%2C150&amp;ssl=1 150w, https:\/\/i0.wp.com\/www.snamiroma.org\/wp1\/wp-content\/uploads\/2026\/05\/8582393433309433.jpg?resize=300%2C300&amp;ssl=1 300w, https:\/\/i0.wp.com\/www.snamiroma.org\/wp1\/wp-content\/uploads\/2026\/05\/8582393433309433.jpg?zoom=3&amp;resize=150%2C150&amp;ssl=1 450w\" sizes=\"(max-width: 150px) 100vw, 150px\" \/><\/div><a class=\"wp-block-latest-posts__post-title\" href=\"https:\/\/www.snamiroma.org\/wp1\/2026\/05\/23\/maternita-e-stabilizzazione-la-corte-costituzionale-n-76-2026-retrodata-il-diploma-mmg-per-la-trasformazione-dellincarico\/\">Maternit\u00e0 e stabilizzazione: la Corte Costituzionale (n.76\/2026) retrodata il diploma MMG per la trasformazione dell&#8217;incarico<\/a><time datetime=\"2026-05-23T01:10:34+02:00\" class=\"wp-block-latest-posts__post-date\">23\/05\/2026<\/time><div class=\"wp-block-latest-posts__post-excerpt\">L&#8217;avv. Beatrice Lucarelli, legale di #SnamiRoma e #SnamiLazio, ci ha segnalato ed&hellip;<\/div><\/li>\n<li><div class=\"wp-block-latest-posts__featured-image\"><img decoding=\"async\" width=\"150\" height=\"150\" src=\"https:\/\/i0.wp.com\/www.snamiroma.org\/wp1\/wp-content\/uploads\/2026\/05\/immagine.png?resize=150%2C150&amp;ssl=1\" class=\"attachment-thumbnail size-thumbnail wp-post-image\" alt=\"\" style=\"\" srcset=\"https:\/\/i0.wp.com\/www.snamiroma.org\/wp1\/wp-content\/uploads\/2026\/05\/immagine.png?resize=150%2C150&amp;ssl=1 150w, https:\/\/i0.wp.com\/www.snamiroma.org\/wp1\/wp-content\/uploads\/2026\/05\/immagine.png?resize=300%2C300&amp;ssl=1 300w, https:\/\/i0.wp.com\/www.snamiroma.org\/wp1\/wp-content\/uploads\/2026\/05\/immagine.png?zoom=3&amp;resize=150%2C150&amp;ssl=1 450w\" sizes=\"(max-width: 150px) 100vw, 150px\" \/><\/div><a class=\"wp-block-latest-posts__post-title\" href=\"https:\/\/www.snamiroma.org\/wp1\/2026\/05\/19\/trattenimento-in-servizio-oltre-i-70-anni-istruzioni-della-regione-lazio-risalenti-al-27-09-2024\/\">Trattenimento in servizio oltre i 70 anni: istruzioni della Regione Lazio (risalenti al 27\/09\/2024)<\/a><time datetime=\"2026-05-19T19:11:18+02:00\" class=\"wp-block-latest-posts__post-date\">19\/05\/2026<\/time><div class=\"wp-block-latest-posts__post-excerpt\">La nota del 27\/09\/2024 chiarisce che il mantenimento in servizio oltre il&hellip;<\/div><\/li>\n<li><div class=\"wp-block-latest-posts__featured-image\"><img loading=\"lazy\" decoding=\"async\" width=\"150\" height=\"150\" src=\"https:\/\/i0.wp.com\/www.snamiroma.org\/wp1\/wp-content\/uploads\/2026\/04\/4589348598.jpg?resize=150%2C150&amp;ssl=1\" class=\"attachment-thumbnail size-thumbnail wp-post-image\" alt=\"\" style=\"\" srcset=\"https:\/\/i0.wp.com\/www.snamiroma.org\/wp1\/wp-content\/uploads\/2026\/04\/4589348598.jpg?resize=150%2C150&amp;ssl=1 150w, https:\/\/i0.wp.com\/www.snamiroma.org\/wp1\/wp-content\/uploads\/2026\/04\/4589348598.jpg?resize=300%2C300&amp;ssl=1 300w, https:\/\/i0.wp.com\/www.snamiroma.org\/wp1\/wp-content\/uploads\/2026\/04\/4589348598.jpg?zoom=3&amp;resize=150%2C150&amp;ssl=1 450w\" sizes=\"(max-width: 150px) 100vw, 150px\" \/><\/div><a class=\"wp-block-latest-posts__post-title\" href=\"https:\/\/www.snamiroma.org\/wp1\/2026\/04\/10\/pss-e-fse-2-0-la-proposta-snami-per-togliere-il-carico-burocratico-ai-mmg\/\">PSS e FSE 2.0: la proposta SNAMI per togliere il carico burocratico ai MMG<\/a><time datetime=\"2026-04-10T19:54:42+02:00\" class=\"wp-block-latest-posts__post-date\">10\/04\/2026<\/time><div class=\"wp-block-latest-posts__post-excerpt\">#SNAMI sottolinea che il Profilo #Sanitario Sintetico (#PSS) \u00e8 cruciale per il&hellip;<\/div><\/li>\n<li><div class=\"wp-block-latest-posts__featured-image\"><img loading=\"lazy\" decoding=\"async\" width=\"150\" height=\"150\" src=\"https:\/\/i0.wp.com\/www.snamiroma.org\/wp1\/wp-content\/uploads\/2026\/04\/398549359348.jpg?resize=150%2C150&amp;ssl=1\" class=\"attachment-thumbnail size-thumbnail wp-post-image\" alt=\"\" style=\"\" srcset=\"https:\/\/i0.wp.com\/www.snamiroma.org\/wp1\/wp-content\/uploads\/2026\/04\/398549359348.jpg?resize=150%2C150&amp;ssl=1 150w, https:\/\/i0.wp.com\/www.snamiroma.org\/wp1\/wp-content\/uploads\/2026\/04\/398549359348.jpg?resize=300%2C300&amp;ssl=1 300w, https:\/\/i0.wp.com\/www.snamiroma.org\/wp1\/wp-content\/uploads\/2026\/04\/398549359348.jpg?zoom=3&amp;resize=150%2C150&amp;ssl=1 450w\" sizes=\"(max-width: 150px) 100vw, 150px\" \/><\/div><a class=\"wp-block-latest-posts__post-title\" href=\"https:\/\/www.snamiroma.org\/wp1\/2026\/04\/03\/%f0%9f%90%a3-buone-festivita-pasquali-da-snamiroma\/\">\ud83d\udc23 Buone Festivit\u00e0 Pasquali da #SNAMIROMA<\/a><time datetime=\"2026-04-03T18:42:37+02:00\" class=\"wp-block-latest-posts__post-date\">03\/04\/2026<\/time><div class=\"wp-block-latest-posts__post-excerpt\">Cari colleghi, in occasione della #Pasqua vi rivolgiamo un caloroso augurio di&hellip;<\/div><\/li>\n<\/ul>","protected":false},"excerpt":{"rendered":"<p>La Regione Lazio comunica che &#8220;A seguito della carenza, certificata dall&#8217;Agenzia Italiana del Farmaco, delle specialit\u00e0 medicinali TRULICITY ed OZEMPIC, esplicitate nelle tabelle sottostanti, la distribuzione dei prodotti \u00e8 temporaneamente contingentata; pertanto, al fine di garantire equit\u00e0 nell&#8217;approvvigionamento a tutti i pazienti in trattamento, l&#8217;erogazione dei farmaci \u00e8 temporaneamente limitata ad una (1) confezione per&hellip;<\/p>\n","protected":false},"author":1,"featured_media":556,"comment_status":"closed","ping_status":"closed","sticky":false,"template":"","format":"standard","meta":{"advanced_seo_description":"","jetpack_seo_html_title":"","jetpack_seo_noindex":false,"jetpack_seo_schema_type":"","_jetpack_newsletter_access":"","_jetpack_dont_email_post_to_subs":false,"_jetpack_newsletter_tier_id":0,"_jetpack_memberships_contains_paywalled_content":false,"_jetpack_feature_clip_id":0,"_jetpack_memberships_contains_paid_content":false,"footnotes":"","jetpack_publicize_message":"","jetpack_publicize_feature_enabled":true,"jetpack_social_post_already_shared":true,"jetpack_social_options":{"image_generator_settings":{"template":"highway","default_image_id":0,"font":"","enabled":false},"version":2},"jetpack_post_was_ever_published":false},"categories":[60,106,21,55,15,18,69,70,29,3,13,62,14,87],"tags":[128,117,118,960,883,119,959],"class_list":["post-3522","post","type-post","status-publish","format-standard","has-post-thumbnail","hentry","category-aifa","category-appropriatezza-prescrittiva","category-assistenza-cure-primarie","category-assistenza-primaria","category-comunicazioni-iscritti","category-documenti","category-frosinone","category-latina","category-medicina-e-innovazione","category-news","category-regione-e-asl","category-regione-lazio-dispositivi-e-circolari","category-sezioni-provinciali","category-unita-cure-primarie","tag-appropriatezza-prescrittiva","tag-comunicazioni","tag-documenti-regionali","tag-farmaci-carenti","tag-ozempic","tag-prescrizione","tag-trulicity"],"jetpack_publicize_connections":[],"jetpack_sharing_enabled":true,"jetpack_likes_enabled":true,"jetpack-related-posts":[],"jetpack_shortlink":"https:\/\/wp.me\/pb3IKS-UO","jetpack_featured_media_url":"https:\/\/i0.wp.com\/www.snamiroma.org\/wp1\/wp-content\/uploads\/2019\/07\/photo_regione_lazio.jpg?fit=900%2C900&ssl=1","_links":{"self":[{"href":"https:\/\/www.snamiroma.org\/wp1\/wp-json\/wp\/v2\/posts\/3522","targetHints":{"allow":["GET"]}}],"collection":[{"href":"https:\/\/www.snamiroma.org\/wp1\/wp-json\/wp\/v2\/posts"}],"about":[{"href":"https:\/\/www.snamiroma.org\/wp1\/wp-json\/wp\/v2\/types\/post"}],"author":[{"embeddable":true,"href":"https:\/\/www.snamiroma.org\/wp1\/wp-json\/wp\/v2\/users\/1"}],"replies":[{"embeddable":true,"href":"https:\/\/www.snamiroma.org\/wp1\/wp-json\/wp\/v2\/comments?post=3522"}],"version-history":[{"count":1,"href":"https:\/\/www.snamiroma.org\/wp1\/wp-json\/wp\/v2\/posts\/3522\/revisions"}],"predecessor-version":[{"id":3524,"href":"https:\/\/www.snamiroma.org\/wp1\/wp-json\/wp\/v2\/posts\/3522\/revisions\/3524"}],"wp:featuredmedia":[{"embeddable":true,"href":"https:\/\/www.snamiroma.org\/wp1\/wp-json\/wp\/v2\/media\/556"}],"wp:attachment":[{"href":"https:\/\/www.snamiroma.org\/wp1\/wp-json\/wp\/v2\/media?parent=3522"}],"wp:term":[{"taxonomy":"category","embeddable":true,"href":"https:\/\/www.snamiroma.org\/wp1\/wp-json\/wp\/v2\/categories?post=3522"},{"taxonomy":"post_tag","embeddable":true,"href":"https:\/\/www.snamiroma.org\/wp1\/wp-json\/wp\/v2\/tags?post=3522"}],"curies":[{"name":"wp","href":"https:\/\/api.w.org\/{rel}","templated":true}]}}