{"id":2326,"date":"2021-12-09T15:26:39","date_gmt":"2021-12-09T14:26:39","guid":{"rendered":"https:\/\/www.snamiroma.org\/wp1\/?p=2326"},"modified":"2021-12-09T15:26:41","modified_gmt":"2021-12-09T14:26:41","slug":"snami-nazionale-risponde-denigrazione-organizzata-non-piu-tollerabile","status":"publish","type":"post","link":"https:\/\/www.snamiroma.org\/wp1\/2021\/12\/09\/snami-nazionale-risponde-denigrazione-organizzata-non-piu-tollerabile\/","title":{"rendered":"SNAMI nazionale risponde: denigrazione &#8220;Organizzata&#8221; non pi\u00f9 tollerabile"},"content":{"rendered":"\n<p class=\"has-text-align-justify\">In allegato sottoponiamo il comunicato stampa dello <strong>SNAMI Nazionale<\/strong>, dove si risponde ai continui attacchi ai Medici di Medicina generale, sempre pi\u00f9 frequenti negli ultimi tempi da parte dei mezzi di comunicazione, che tendono a svilire e criticare l&#8217;attivit\u00e0 professionale dei Medici di Famiglia, con false accuse e notizie che non corrispondo alla realt\u00e0 dei fatti. Tali comunicazioni sono ancora pi\u00f9 svilenti la nostra attivit\u00e0 perch\u00e8 non prevedono il confronto con i diretti interessati che possano contrastare dichiarazioni non veritiere e presentare invece la realt\u00e0 dei fatti, in particolare quanto sofferto dall&#8217;inizio della Pandemia dovuta al COVID, durante la quale siamo stati lasciati soli a svolgere una serie di attivit\u00e0 con notevoli rischi ed oneri burocratici aggiuntivi, senza il dovuto riconoscimento dei sacrifici fatti, non solo negli studi ma anche a domicilio e per 24 ore al giorno per 7 giorni la settimana.<\/p>\n\n\n\n<h3 class=\"wp-block-heading\">Documenti allegati:<\/h3>\n\n\n\n<div data-wp-interactive=\"core\/file\" class=\"wp-block-file\"><object data-wp-bind--hidden=\"!state.hasPdfPreview\" hidden class=\"wp-block-file__embed\" data=\"https:\/\/www.snamiroma.org\/wp1\/wp-content\/uploads\/2021\/12\/Comunicato-Stampa-Nazionale-del-9-Dicembre-2021.pdf\" type=\"application\/pdf\" style=\"width:100%;height:600px\" aria-label=\"Incorporamento di Incorporamento di Comunicato-Stampa-Nazionale-del-9-Dicembre-2021..\"><\/object><a href=\"https:\/\/www.snamiroma.org\/wp1\/wp-content\/uploads\/2021\/12\/Comunicato-Stampa-Nazionale-del-9-Dicembre-2021.pdf\">Comunicato-Stampa-Nazionale-del-9-Dicembre-2021<\/a><a href=\"https:\/\/www.snamiroma.org\/wp1\/wp-content\/uploads\/2021\/12\/Comunicato-Stampa-Nazionale-del-9-Dicembre-2021.pdf\" class=\"wp-block-file__button\" download>Download<\/a><\/div>\n\n\n\n<hr class=\"wp-block-separator\"\/>\n\n\n<ul class=\"wp-block-latest-posts__list is-grid columns-3 has-author aligncenter wp-block-latest-posts\"><li><div class=\"wp-block-latest-posts__featured-image aligncenter\"><img decoding=\"async\" width=\"150\" height=\"150\" src=\"https:\/\/i0.wp.com\/www.snamiroma.org\/wp1\/wp-content\/uploads\/2026\/07\/dott_giuseppe_di_donna.jpg?resize=150%2C150&amp;ssl=1\" class=\"attachment-thumbnail size-thumbnail wp-post-image\" alt=\"\" style=\"\" srcset=\"https:\/\/i0.wp.com\/www.snamiroma.org\/wp1\/wp-content\/uploads\/2026\/07\/dott_giuseppe_di_donna.jpg?resize=150%2C150&amp;ssl=1 150w, https:\/\/i0.wp.com\/www.snamiroma.org\/wp1\/wp-content\/uploads\/2026\/07\/dott_giuseppe_di_donna.jpg?resize=300%2C300&amp;ssl=1 300w, https:\/\/i0.wp.com\/www.snamiroma.org\/wp1\/wp-content\/uploads\/2026\/07\/dott_giuseppe_di_donna.jpg?zoom=3&amp;resize=150%2C150&amp;ssl=1 450w\" sizes=\"(max-width: 150px) 100vw, 150px\" \/><\/div><a class=\"wp-block-latest-posts__post-title\" href=\"https:\/\/www.snamiroma.org\/wp1\/2026\/07\/26\/in-memoriam-dott-giuseppe-di-donna\/\">IN MEMORIAM: Dott. Giuseppe Di Donna<\/a><div class=\"wp-block-latest-posts__post-author\">di SNAMI Roma<\/div><div class=\"wp-block-latest-posts__post-excerpt\">In Memoriam | Oggi apprendiamo della perdita del nostro amato amico e collega, Giuseppe Di Donna.&hellip;<\/div><\/li>\n<li><div class=\"wp-block-latest-posts__featured-image aligncenter\"><img decoding=\"async\" width=\"150\" height=\"150\" src=\"https:\/\/i0.wp.com\/www.snamiroma.org\/wp1\/wp-content\/uploads\/2026\/05\/8582393433309433.jpg?resize=150%2C150&amp;ssl=1\" class=\"attachment-thumbnail size-thumbnail wp-post-image\" alt=\"\" style=\"\" srcset=\"https:\/\/i0.wp.com\/www.snamiroma.org\/wp1\/wp-content\/uploads\/2026\/05\/8582393433309433.jpg?resize=150%2C150&amp;ssl=1 150w, https:\/\/i0.wp.com\/www.snamiroma.org\/wp1\/wp-content\/uploads\/2026\/05\/8582393433309433.jpg?resize=300%2C300&amp;ssl=1 300w, https:\/\/i0.wp.com\/www.snamiroma.org\/wp1\/wp-content\/uploads\/2026\/05\/8582393433309433.jpg?zoom=3&amp;resize=150%2C150&amp;ssl=1 450w\" sizes=\"(max-width: 150px) 100vw, 150px\" \/><\/div><a class=\"wp-block-latest-posts__post-title\" href=\"https:\/\/www.snamiroma.org\/wp1\/2026\/07\/07\/tar-lazio-sentenza-n-11984-2026-illegittima-la-prescrizione-suggerita-che-vincolava-i-medici-di-famiglia\/\">TAR Lazio sentenza n. 11984\/2026: illegittima la &#8220;prescrizione suggerita&#8221; che vincolava i medici di famiglia<\/a><div class=\"wp-block-latest-posts__post-author\">di SNAMI Roma<\/div><div class=\"wp-block-latest-posts__post-excerpt\">L&#8217;avv. Beatrice Lucarelli, legale di #SnamiRoma e #SnamiLazio, ci ha segnalato ed analizzato una recentissima sentenza&hellip;<\/div><\/li>\n<li><div class=\"wp-block-latest-posts__featured-image aligncenter\"><img decoding=\"async\" width=\"150\" height=\"150\" src=\"https:\/\/i0.wp.com\/www.snamiroma.org\/wp1\/wp-content\/uploads\/2026\/05\/8582393433309433.jpg?resize=150%2C150&amp;ssl=1\" class=\"attachment-thumbnail size-thumbnail wp-post-image\" alt=\"\" style=\"\" srcset=\"https:\/\/i0.wp.com\/www.snamiroma.org\/wp1\/wp-content\/uploads\/2026\/05\/8582393433309433.jpg?resize=150%2C150&amp;ssl=1 150w, https:\/\/i0.wp.com\/www.snamiroma.org\/wp1\/wp-content\/uploads\/2026\/05\/8582393433309433.jpg?resize=300%2C300&amp;ssl=1 300w, https:\/\/i0.wp.com\/www.snamiroma.org\/wp1\/wp-content\/uploads\/2026\/05\/8582393433309433.jpg?zoom=3&amp;resize=150%2C150&amp;ssl=1 450w\" sizes=\"(max-width: 150px) 100vw, 150px\" \/><\/div><a class=\"wp-block-latest-posts__post-title\" href=\"https:\/\/www.snamiroma.org\/wp1\/2026\/05\/23\/maternita-e-stabilizzazione-la-corte-costituzionale-n-76-2026-retrodata-il-diploma-mmg-per-la-trasformazione-dellincarico\/\">Maternit\u00e0 e stabilizzazione: la Corte Costituzionale (n.76\/2026) retrodata il diploma MMG per la trasformazione dell&#8217;incarico<\/a><div class=\"wp-block-latest-posts__post-author\">di SNAMI Roma<\/div><div class=\"wp-block-latest-posts__post-excerpt\">L&#8217;avv. Beatrice Lucarelli, legale di #SnamiRoma e #SnamiLazio, ci ha segnalato ed analizzato questa importante sentenza&hellip;<\/div><\/li>\n<li><div class=\"wp-block-latest-posts__featured-image aligncenter\"><img decoding=\"async\" width=\"150\" height=\"150\" src=\"https:\/\/i0.wp.com\/www.snamiroma.org\/wp1\/wp-content\/uploads\/2026\/05\/immagine.png?resize=150%2C150&amp;ssl=1\" class=\"attachment-thumbnail size-thumbnail wp-post-image\" alt=\"\" style=\"\" srcset=\"https:\/\/i0.wp.com\/www.snamiroma.org\/wp1\/wp-content\/uploads\/2026\/05\/immagine.png?resize=150%2C150&amp;ssl=1 150w, https:\/\/i0.wp.com\/www.snamiroma.org\/wp1\/wp-content\/uploads\/2026\/05\/immagine.png?resize=300%2C300&amp;ssl=1 300w, https:\/\/i0.wp.com\/www.snamiroma.org\/wp1\/wp-content\/uploads\/2026\/05\/immagine.png?zoom=3&amp;resize=150%2C150&amp;ssl=1 450w\" sizes=\"(max-width: 150px) 100vw, 150px\" \/><\/div><a class=\"wp-block-latest-posts__post-title\" href=\"https:\/\/www.snamiroma.org\/wp1\/2026\/05\/19\/trattenimento-in-servizio-oltre-i-70-anni-istruzioni-della-regione-lazio-risalenti-al-27-09-2024\/\">Trattenimento in servizio oltre i 70 anni: istruzioni della Regione Lazio (risalenti al 27\/09\/2024)<\/a><div class=\"wp-block-latest-posts__post-author\">di SNAMI Roma<\/div><div class=\"wp-block-latest-posts__post-excerpt\">La nota del 27\/09\/2024 chiarisce che il mantenimento in servizio oltre il limite dei 70 anni&hellip;<\/div><\/li>\n<li><div class=\"wp-block-latest-posts__featured-image aligncenter\"><img loading=\"lazy\" decoding=\"async\" width=\"150\" height=\"150\" src=\"https:\/\/i0.wp.com\/www.snamiroma.org\/wp1\/wp-content\/uploads\/2026\/04\/4589348598.jpg?resize=150%2C150&amp;ssl=1\" class=\"attachment-thumbnail size-thumbnail wp-post-image\" alt=\"\" style=\"\" srcset=\"https:\/\/i0.wp.com\/www.snamiroma.org\/wp1\/wp-content\/uploads\/2026\/04\/4589348598.jpg?resize=150%2C150&amp;ssl=1 150w, https:\/\/i0.wp.com\/www.snamiroma.org\/wp1\/wp-content\/uploads\/2026\/04\/4589348598.jpg?resize=300%2C300&amp;ssl=1 300w, https:\/\/i0.wp.com\/www.snamiroma.org\/wp1\/wp-content\/uploads\/2026\/04\/4589348598.jpg?zoom=3&amp;resize=150%2C150&amp;ssl=1 450w\" sizes=\"(max-width: 150px) 100vw, 150px\" \/><\/div><a class=\"wp-block-latest-posts__post-title\" href=\"https:\/\/www.snamiroma.org\/wp1\/2026\/04\/10\/pss-e-fse-2-0-la-proposta-snami-per-togliere-il-carico-burocratico-ai-mmg\/\">PSS e FSE 2.0: la proposta SNAMI per togliere il carico burocratico ai MMG<\/a><div class=\"wp-block-latest-posts__post-author\">di SNAMI Roma<\/div><div class=\"wp-block-latest-posts__post-excerpt\">#SNAMI sottolinea che il Profilo #Sanitario Sintetico (#PSS) \u00e8 cruciale per il nuovo Fascicolo Sanitario Elettronico&hellip;<\/div><\/li>\n<li><div class=\"wp-block-latest-posts__featured-image aligncenter\"><img loading=\"lazy\" decoding=\"async\" width=\"150\" height=\"150\" src=\"https:\/\/i0.wp.com\/www.snamiroma.org\/wp1\/wp-content\/uploads\/2026\/04\/398549359348.jpg?resize=150%2C150&amp;ssl=1\" class=\"attachment-thumbnail size-thumbnail wp-post-image\" alt=\"\" style=\"\" srcset=\"https:\/\/i0.wp.com\/www.snamiroma.org\/wp1\/wp-content\/uploads\/2026\/04\/398549359348.jpg?resize=150%2C150&amp;ssl=1 150w, https:\/\/i0.wp.com\/www.snamiroma.org\/wp1\/wp-content\/uploads\/2026\/04\/398549359348.jpg?resize=300%2C300&amp;ssl=1 300w, https:\/\/i0.wp.com\/www.snamiroma.org\/wp1\/wp-content\/uploads\/2026\/04\/398549359348.jpg?zoom=3&amp;resize=150%2C150&amp;ssl=1 450w\" sizes=\"(max-width: 150px) 100vw, 150px\" \/><\/div><a class=\"wp-block-latest-posts__post-title\" href=\"https:\/\/www.snamiroma.org\/wp1\/2026\/04\/03\/%f0%9f%90%a3-buone-festivita-pasquali-da-snamiroma\/\">\ud83d\udc23 Buone Festivit\u00e0 Pasquali da #SNAMIROMA<\/a><div class=\"wp-block-latest-posts__post-author\">di SNAMI Roma<\/div><div class=\"wp-block-latest-posts__post-excerpt\">Cari colleghi, in occasione della #Pasqua vi rivolgiamo un caloroso augurio di serenit\u00e0, speranza e rinascita.&hellip;<\/div><\/li>\n<\/ul>","protected":false},"excerpt":{"rendered":"<p>In allegato sottoponiamo il comunicato stampa dello SNAMI Nazionale, dove si risponde ai continui attacchi ai Medici di Medicina generale, sempre pi\u00f9 frequenti negli ultimi tempi da parte dei mezzi di comunicazione, che tendono a svilire e criticare l&#8217;attivit\u00e0 professionale dei Medici di Famiglia, con false accuse e notizie che non corrispondo alla realt\u00e0 dei&hellip;<\/p>\n","protected":false},"author":1,"featured_media":398,"comment_status":"closed","ping_status":"closed","sticky":false,"template":"","format":"standard","meta":{"advanced_seo_description":"","jetpack_seo_html_title":"","jetpack_seo_noindex":false,"jetpack_seo_schema_type":"","_jetpack_newsletter_access":"","_jetpack_dont_email_post_to_subs":false,"_jetpack_newsletter_tier_id":0,"_jetpack_memberships_contains_paywalled_content":false,"_jetpack_feature_clip_id":0,"_jetpack_memberships_contains_paid_content":false,"footnotes":"","jetpack_publicize_message":"","jetpack_publicize_feature_enabled":true,"jetpack_social_post_already_shared":false,"jetpack_social_options":{"image_generator_settings":{"template":"highway","default_image_id":0,"font":"","enabled":false},"version":2},"jetpack_post_was_ever_published":false},"categories":[21,55,15,56,400,18,57,30,3,13,36,62,14,399],"tags":[580,111,577,579,101,438,216],"class_list":["post-2326","post","type-post","status-publish","format-standard","has-post-thumbnail","hentry","category-assistenza-cure-primarie","category-assistenza-primaria","category-comunicazioni-iscritti","category-continuita-assistenziale","category-covid-19","category-documenti","category-medicina-dei-servizi","category-ministero-della-salute","category-news","category-regione-e-asl","category-ordine-dei-medici","category-regione-lazio-dispositivi-e-circolari","category-sezioni-provinciali","category-vaccinazione-covid-19","tag-campagna-di-fango","tag-campagna-vaccinale","tag-denigrazione","tag-denigrazione-dei-mmg","tag-mmg","tag-ritardi-piano-vaccinazione","tag-snami-nazionale"],"jetpack_publicize_connections":[],"jetpack_sharing_enabled":true,"jetpack_likes_enabled":true,"jetpack-related-posts":[],"jetpack_shortlink":"https:\/\/wp.me\/pb3IKS-Bw","jetpack_featured_media_url":"https:\/\/i0.wp.com\/www.snamiroma.org\/wp1\/wp-content\/uploads\/2019\/06\/logo_snami_piccolo.jpg?fit=388%2C220&ssl=1","_links":{"self":[{"href":"https:\/\/www.snamiroma.org\/wp1\/wp-json\/wp\/v2\/posts\/2326","targetHints":{"allow":["GET"]}}],"collection":[{"href":"https:\/\/www.snamiroma.org\/wp1\/wp-json\/wp\/v2\/posts"}],"about":[{"href":"https:\/\/www.snamiroma.org\/wp1\/wp-json\/wp\/v2\/types\/post"}],"author":[{"embeddable":true,"href":"https:\/\/www.snamiroma.org\/wp1\/wp-json\/wp\/v2\/users\/1"}],"replies":[{"embeddable":true,"href":"https:\/\/www.snamiroma.org\/wp1\/wp-json\/wp\/v2\/comments?post=2326"}],"version-history":[{"count":1,"href":"https:\/\/www.snamiroma.org\/wp1\/wp-json\/wp\/v2\/posts\/2326\/revisions"}],"predecessor-version":[{"id":2328,"href":"https:\/\/www.snamiroma.org\/wp1\/wp-json\/wp\/v2\/posts\/2326\/revisions\/2328"}],"wp:featuredmedia":[{"embeddable":true,"href":"https:\/\/www.snamiroma.org\/wp1\/wp-json\/wp\/v2\/media\/398"}],"wp:attachment":[{"href":"https:\/\/www.snamiroma.org\/wp1\/wp-json\/wp\/v2\/media?parent=2326"}],"wp:term":[{"taxonomy":"category","embeddable":true,"href":"https:\/\/www.snamiroma.org\/wp1\/wp-json\/wp\/v2\/categories?post=2326"},{"taxonomy":"post_tag","embeddable":true,"href":"https:\/\/www.snamiroma.org\/wp1\/wp-json\/wp\/v2\/tags?post=2326"}],"curies":[{"name":"wp","href":"https:\/\/api.w.org\/{rel}","templated":true}]}}