{"id":1666,"date":"2021-01-19T13:35:36","date_gmt":"2021-01-19T12:35:36","guid":{"rendered":"http:\/\/www.snamiroma.org\/wp1\/?p=1666"},"modified":"2021-01-19T13:37:36","modified_gmt":"2021-01-19T12:37:36","slug":"esiti-del-comitato-regionale-per-la-medicina-generale","status":"publish","type":"post","link":"https:\/\/www.snamiroma.org\/wp1\/2021\/01\/19\/esiti-del-comitato-regionale-per-la-medicina-generale\/","title":{"rendered":"Esiti del Comitato Regionale per la Medicina generale"},"content":{"rendered":"\n<p class=\"has-text-align-justify\"><strong>La delegazione sindacale SNAMI-Lazio<\/strong> ha presentato ieri ai vertici regionali una proposta condivisa con SMI e Intesa Sindacale, <strong>con la quale \u00e8 stata chiesta la possibilit\u00e0 di vaccinare anche presso le Asl o in altre sedi idonee, con l\u2019obiettivo di aumentare la partecipazione dei Medici di Medicina Generale<\/strong> che non ritengono di avere le condizioni organizzative idonee per poter vaccinare in sicurezza nei propri studi, e dare il proprio contributo per fronteggiare la Campagna vaccinale, a causa di alcune criticit\u00e0 (temperature di conservazione e condizioni di utilizzo particolari, pluridose, tempi di applicabilit\u00e0 complessi, etc.). Inoltre \u00e8 stata chiesta la quota oraria (40,00 Euro) per tale partecipazione come corrisposte ai Medici USCAR.<\/p>\n\n\n\n<p class=\"has-text-align-justify\">Purtroppo, altri hanno ignorato tale possibilit\u00e0 raccontando la \u201csemplicit\u00e0\u201d di vaccinare negli Studi Medici e negando le possibili e reali difficolt\u00e0 organizzative e logistiche.<\/p>\n\n\n\n<p>DI SEGUITO GLI OBIETTIVI RAGGIUNTI:<\/p>\n\n\n\n<ul class=\"wp-block-list\"><li>Il prolungamento dei termini per la presentazione della domanda con la dovuta comunicazione di tale disposizione dalla Regione alle Aziende.<\/li><li>Per consentire una corretta formulazione di tale modalit\u00e0 di adesione, abbiamo ottenuto il placet per l\u2019inserimento di una frase ad hoc nel Modulo di adesione. Nella seconda pagina, dopo la dicitura \u201ca titolo personale\u2026\u201d, abbiamo proposto l\u2019inserimento della seguente frase: \u201cA titolo personale e presso le Asl o altre sedi appositamente indicate dall\u2019Azienda\u201d. Per riportare tale dichiarazione verr\u00e0 modificato il modulo per la Manifestazione di interesse.<\/li><li>Attualmente non \u00e8 stata ancora definita la modalit\u00e0 di valorizzazione economica di questa partecipazione, ma la Regione Lazio ha espresso la propria disponibilit\u00e0 ad approfondire questa ed altre tematiche in occasione dei prossimi INCONTRI.<\/li><li>I vaccini disponibili per i MMG saranno solo i Moderna e la Regione Lazio ha dichiarato che, al momento, la disponibilit\u00e0 per la Medicina Generale sar\u00e0 limitata, verosimilmente, ad 1 sola fiala (Multidose da 10) la settimana, o sulla base delle maggiori disponibilit\u00e0 dei vaccini consegnati dalle diverse Ditte farmaceutiche.<\/li><li>E\u2019 stato chiesto, inoltre, l\u2019ampliamento degli orari di consegna dei vaccini nelle Farmacie della ASL. \u00c8 stata segnalata la criticit\u00e0 circa la sicurezza di tali trasporti.<\/li><li>Chiesta anche l\u2019uniformit\u00e0 delle notizie e delle procedure (impossibile apprendere dell\u2019inizio delle vaccinazioni presso gli Ospedali o le Aziende, come ad esempio quanto accaduto ieri allo Spallanzani con chiamate o accesso da parte di alcuni pazienti che erano stati avvisati da conoscenti), senza che le OOSS dei MMG ne siano informate.<\/li><\/ul>\n\n\n\n<p><em>Dott. Giuseppe Di Donna e Dott. Giuseppe Lanna &#8211; <strong>DELEGATI SNAMI alla riunione<\/strong><\/em><\/p>\n\n\n\n<hr class=\"wp-block-separator\"\/>\n\n\n<ul class=\"wp-block-latest-posts__list is-grid columns-3 has-author wp-block-latest-posts\"><li><div class=\"wp-block-latest-posts__featured-image aligncenter\"><img decoding=\"async\" width=\"150\" height=\"150\" src=\"https:\/\/i0.wp.com\/www.snamiroma.org\/wp1\/wp-content\/uploads\/2026\/04\/4589348598.jpg?resize=150%2C150&amp;ssl=1\" class=\"attachment-thumbnail size-thumbnail wp-post-image\" alt=\"\" style=\"\" srcset=\"https:\/\/i0.wp.com\/www.snamiroma.org\/wp1\/wp-content\/uploads\/2026\/04\/4589348598.jpg?resize=150%2C150&amp;ssl=1 150w, https:\/\/i0.wp.com\/www.snamiroma.org\/wp1\/wp-content\/uploads\/2026\/04\/4589348598.jpg?resize=300%2C300&amp;ssl=1 300w, https:\/\/i0.wp.com\/www.snamiroma.org\/wp1\/wp-content\/uploads\/2026\/04\/4589348598.jpg?zoom=3&amp;resize=150%2C150&amp;ssl=1 450w\" sizes=\"(max-width: 150px) 100vw, 150px\" \/><\/div><a class=\"wp-block-latest-posts__post-title\" href=\"https:\/\/www.snamiroma.org\/wp1\/2026\/04\/10\/pss-e-fse-2-0-la-proposta-snami-per-togliere-il-carico-burocratico-ai-mmg\/\">PSS e FSE 2.0: la proposta SNAMI per togliere il carico burocratico ai MMG<\/a><div class=\"wp-block-latest-posts__post-author\">di SNAMI Roma<\/div><div class=\"wp-block-latest-posts__post-excerpt\">#SNAMI sottolinea che il Profilo #Sanitario Sintetico (#PSS) \u00e8 cruciale per il nuovo Fascicolo&hellip;<\/div><\/li>\n<li><div class=\"wp-block-latest-posts__featured-image aligncenter\"><img decoding=\"async\" width=\"150\" height=\"150\" src=\"https:\/\/i0.wp.com\/www.snamiroma.org\/wp1\/wp-content\/uploads\/2026\/04\/398549359348.jpg?resize=150%2C150&amp;ssl=1\" class=\"attachment-thumbnail size-thumbnail wp-post-image\" alt=\"\" style=\"\" srcset=\"https:\/\/i0.wp.com\/www.snamiroma.org\/wp1\/wp-content\/uploads\/2026\/04\/398549359348.jpg?resize=150%2C150&amp;ssl=1 150w, https:\/\/i0.wp.com\/www.snamiroma.org\/wp1\/wp-content\/uploads\/2026\/04\/398549359348.jpg?resize=300%2C300&amp;ssl=1 300w, https:\/\/i0.wp.com\/www.snamiroma.org\/wp1\/wp-content\/uploads\/2026\/04\/398549359348.jpg?zoom=3&amp;resize=150%2C150&amp;ssl=1 450w\" sizes=\"(max-width: 150px) 100vw, 150px\" \/><\/div><a class=\"wp-block-latest-posts__post-title\" href=\"https:\/\/www.snamiroma.org\/wp1\/2026\/04\/03\/%f0%9f%90%a3-buone-festivita-pasquali-da-snamiroma\/\">\ud83d\udc23 Buone Festivit\u00e0 Pasquali da #SNAMIROMA<\/a><div class=\"wp-block-latest-posts__post-author\">di SNAMI Roma<\/div><div class=\"wp-block-latest-posts__post-excerpt\">Cari colleghi, in occasione della #Pasqua vi rivolgiamo un caloroso augurio di serenit\u00e0, speranza&hellip;<\/div><\/li>\n<li><div class=\"wp-block-latest-posts__featured-image aligncenter\"><img decoding=\"async\" width=\"150\" height=\"150\" src=\"https:\/\/i0.wp.com\/www.snamiroma.org\/wp1\/wp-content\/uploads\/2024\/11\/logo_regione_lazio.jpg?resize=150%2C150&amp;ssl=1\" class=\"attachment-thumbnail size-thumbnail wp-post-image\" alt=\"\" style=\"\" srcset=\"https:\/\/i0.wp.com\/www.snamiroma.org\/wp1\/wp-content\/uploads\/2024\/11\/logo_regione_lazio.jpg?resize=150%2C150&amp;ssl=1 150w, https:\/\/i0.wp.com\/www.snamiroma.org\/wp1\/wp-content\/uploads\/2024\/11\/logo_regione_lazio.jpg?resize=300%2C300&amp;ssl=1 300w, https:\/\/i0.wp.com\/www.snamiroma.org\/wp1\/wp-content\/uploads\/2024\/11\/logo_regione_lazio.jpg?zoom=3&amp;resize=150%2C150&amp;ssl=1 450w\" sizes=\"(max-width: 150px) 100vw, 150px\" \/><\/div><a class=\"wp-block-latest-posts__post-title\" href=\"https:\/\/www.snamiroma.org\/wp1\/2026\/04\/02\/regione-lazio-sospensione-attivita-di-monitoraggio-e-svolgimento-esclusivamente-per-via-telematica\/\">Regione Lazio: sospensione attivit\u00e0 di monitoraggio e svolgimento esclusivamente per via telematica<\/a><div class=\"wp-block-latest-posts__post-author\">di SNAMI Roma<\/div><div class=\"wp-block-latest-posts__post-excerpt\">La Direzione Regionale comunica di aver ricevuto la richiesta delle OO.SS. e dispone la&hellip;<\/div><\/li>\n<li><div class=\"wp-block-latest-posts__featured-image aligncenter\"><img loading=\"lazy\" decoding=\"async\" width=\"150\" height=\"150\" src=\"https:\/\/i0.wp.com\/www.snamiroma.org\/wp1\/wp-content\/uploads\/2026\/03\/845948958.jpg?resize=150%2C150&amp;ssl=1\" class=\"attachment-thumbnail size-thumbnail wp-post-image\" alt=\"\" style=\"\" srcset=\"https:\/\/i0.wp.com\/www.snamiroma.org\/wp1\/wp-content\/uploads\/2026\/03\/845948958.jpg?resize=150%2C150&amp;ssl=1 150w, https:\/\/i0.wp.com\/www.snamiroma.org\/wp1\/wp-content\/uploads\/2026\/03\/845948958.jpg?resize=300%2C300&amp;ssl=1 300w, https:\/\/i0.wp.com\/www.snamiroma.org\/wp1\/wp-content\/uploads\/2026\/03\/845948958.jpg?zoom=3&amp;resize=150%2C150&amp;ssl=1 450w\" sizes=\"(max-width: 150px) 100vw, 150px\" \/><\/div><a class=\"wp-block-latest-posts__post-title\" href=\"https:\/\/www.snamiroma.org\/wp1\/2026\/03\/23\/snami-a-valmontone-nel-convegno-il-trattamento-ambulatoriale-delle-infezioni-batteriche-sul-tema-dellantibiotico-resistenza\/\">SNAMI a Valmontone nel Convegno &#8220;Il Trattamento Ambulatoriale delle Infezioni Batteriche&#8221; sul tema dell&#8217;antibiotico resistenza<\/a><div class=\"wp-block-latest-posts__post-author\">di SNAMI Roma<\/div><div class=\"wp-block-latest-posts__post-excerpt\">La #MedicinaGenerale si confronta sull\u2019uso corretto degli #antibiotici. Ieri, nella splendida cornice di Palazzo&hellip;<\/div><\/li>\n<li><div class=\"wp-block-latest-posts__featured-image aligncenter\"><img loading=\"lazy\" decoding=\"async\" width=\"150\" height=\"150\" src=\"https:\/\/i0.wp.com\/www.snamiroma.org\/wp1\/wp-content\/uploads\/2026\/02\/image-1.png?resize=150%2C150&amp;ssl=1\" class=\"attachment-thumbnail size-thumbnail wp-post-image\" alt=\"\" style=\"\" srcset=\"https:\/\/i0.wp.com\/www.snamiroma.org\/wp1\/wp-content\/uploads\/2026\/02\/image-1.png?resize=150%2C150&amp;ssl=1 150w, https:\/\/i0.wp.com\/www.snamiroma.org\/wp1\/wp-content\/uploads\/2026\/02\/image-1.png?resize=300%2C300&amp;ssl=1 300w, https:\/\/i0.wp.com\/www.snamiroma.org\/wp1\/wp-content\/uploads\/2026\/02\/image-1.png?zoom=3&amp;resize=150%2C150&amp;ssl=1 450w\" sizes=\"(max-width: 150px) 100vw, 150px\" \/><\/div><a class=\"wp-block-latest-posts__post-title\" href=\"https:\/\/www.snamiroma.org\/wp1\/2026\/02\/16\/comunicato-stampa-snami-bozza-air-lazio-2026-incoerente-con-il-dm-77-no-a-centralizzazione-e-disparita-tra-medici\/\">Comunicato Stampa SNAMI: \u201cBozza AIR Lazio 2026 incoerente con il DM 77. No a centralizzazione e disparit\u00e0 tra medici&#8221;<\/a><div class=\"wp-block-latest-posts__post-author\">di SNAMI Roma<\/div><div class=\"wp-block-latest-posts__post-excerpt\">Lo #SNAMI, nell\u2019ambito dell\u2019Intersindacale della #MedicinaGenerale, esprime netta contrariet\u00e0 alla bozza di Accordo Integrativo&hellip;<\/div><\/li>\n<li><div class=\"wp-block-latest-posts__featured-image aligncenter\"><img loading=\"lazy\" decoding=\"async\" width=\"150\" height=\"150\" src=\"https:\/\/i0.wp.com\/www.snamiroma.org\/wp1\/wp-content\/uploads\/2026\/02\/immagine.png?resize=150%2C150&amp;ssl=1\" class=\"attachment-thumbnail size-thumbnail wp-post-image\" alt=\"\" style=\"\" srcset=\"https:\/\/i0.wp.com\/www.snamiroma.org\/wp1\/wp-content\/uploads\/2026\/02\/immagine.png?resize=150%2C150&amp;ssl=1 150w, https:\/\/i0.wp.com\/www.snamiroma.org\/wp1\/wp-content\/uploads\/2026\/02\/immagine.png?resize=300%2C300&amp;ssl=1 300w, https:\/\/i0.wp.com\/www.snamiroma.org\/wp1\/wp-content\/uploads\/2026\/02\/immagine.png?zoom=3&amp;resize=150%2C150&amp;ssl=1 450w\" sizes=\"(max-width: 150px) 100vw, 150px\" \/><\/div><a class=\"wp-block-latest-posts__post-title\" href=\"https:\/\/www.snamiroma.org\/wp1\/2026\/02\/09\/convocazione-assemblea-degli-iscritti-sezione-snami-roma-5\/\">Convocazione assemblea degli iscritti Sezione SNAMI ROMA<\/a><div class=\"wp-block-latest-posts__post-author\">di SNAMI Roma<\/div><div class=\"wp-block-latest-posts__post-excerpt\">Viene convocata in prima convocazione per il giorno 06 marzo 2026 alle ore 07:00&hellip;<\/div><\/li>\n<\/ul>\n\n\n<p><\/p>\n","protected":false},"excerpt":{"rendered":"<p>La delegazione sindacale SNAMI-Lazio ha presentato ieri ai vertici regionali una proposta condivisa con SMI e Intesa Sindacale, con la quale \u00e8 stata chiesta la possibilit\u00e0 di vaccinare anche presso le Asl o in altre sedi idonee, con l\u2019obiettivo di aumentare la partecipazione dei Medici di Medicina Generale che non ritengono di avere le condizioni&hellip;<\/p>\n","protected":false},"author":1,"featured_media":828,"comment_status":"closed","ping_status":"closed","sticky":false,"template":"","format":"standard","meta":{"advanced_seo_description":"","jetpack_seo_html_title":"","jetpack_seo_noindex":false,"jetpack_post_was_ever_published":false,"_jetpack_newsletter_access":"","_jetpack_dont_email_post_to_subs":false,"_jetpack_newsletter_tier_id":0,"_jetpack_memberships_contains_paywalled_content":false,"_jetpack_memberships_contains_paid_content":false,"footnotes":"","jetpack_publicize_message":"","jetpack_publicize_feature_enabled":true,"jetpack_social_post_already_shared":false,"jetpack_social_options":{"image_generator_settings":{"template":"highway","default_image_id":0,"font":"","enabled":false},"version":2}},"categories":[27,58,59,21,55,15,56,400,18,57,3,13,62,14,87,399,93],"tags":[342,410,195,179,341,397,394,74,416,408,216,266,412,413,415,414,395,396,352],"class_list":["post-1666","post","type-post","status-publish","format-standard","has-post-thumbnail","hentry","category-accordi-collettivi","category-accordi-nazionali","category-accordi-regionali","category-assistenza-cure-primarie","category-assistenza-primaria","category-comunicazioni-iscritti","category-continuita-assistenziale","category-covid-19","category-documenti","category-medicina-dei-servizi","category-news","category-regione-e-asl","category-regione-lazio-dispositivi-e-circolari","category-sezioni-provinciali","category-unita-cure-primarie","category-vaccinazione-covid-19","category-vaccinazioni","tag-acn","tag-campagna-vaccinale-covid-2021","tag-comitato-regionale-medicina-generale","tag-covid-19","tag-medici-di-famiglia","tag-piano-vaccinale-covid","tag-piano-vaccinale-covid-19","tag-regione","tag-remunerazione-vaccininazione","tag-smi","tag-snami-nazionale","tag-vaccinazione","tag-vaccinazione-anticovid","tag-vaccinazione-covid-19","tag-vaccinazione-di-massa","tag-vaccinazione-mmg","tag-vaccino-covid-19","tag-vaccino-sars-cov-2","tag-visite-a-domicilio"],"jetpack_publicize_connections":[],"jetpack_featured_media_url":"https:\/\/i0.wp.com\/www.snamiroma.org\/wp1\/wp-content\/uploads\/2020\/02\/logo_snami_Roma_progetto_v001.svgz_grande.png.jpg?fit=1093%2C620&ssl=1","jetpack_sharing_enabled":true,"jetpack_likes_enabled":true,"jetpack-related-posts":[],"jetpack_shortlink":"https:\/\/wp.me\/pb3IKS-qS","_links":{"self":[{"href":"https:\/\/www.snamiroma.org\/wp1\/wp-json\/wp\/v2\/posts\/1666","targetHints":{"allow":["GET"]}}],"collection":[{"href":"https:\/\/www.snamiroma.org\/wp1\/wp-json\/wp\/v2\/posts"}],"about":[{"href":"https:\/\/www.snamiroma.org\/wp1\/wp-json\/wp\/v2\/types\/post"}],"author":[{"embeddable":true,"href":"https:\/\/www.snamiroma.org\/wp1\/wp-json\/wp\/v2\/users\/1"}],"replies":[{"embeddable":true,"href":"https:\/\/www.snamiroma.org\/wp1\/wp-json\/wp\/v2\/comments?post=1666"}],"version-history":[{"count":3,"href":"https:\/\/www.snamiroma.org\/wp1\/wp-json\/wp\/v2\/posts\/1666\/revisions"}],"predecessor-version":[{"id":1671,"href":"https:\/\/www.snamiroma.org\/wp1\/wp-json\/wp\/v2\/posts\/1666\/revisions\/1671"}],"wp:featuredmedia":[{"embeddable":true,"href":"https:\/\/www.snamiroma.org\/wp1\/wp-json\/wp\/v2\/media\/828"}],"wp:attachment":[{"href":"https:\/\/www.snamiroma.org\/wp1\/wp-json\/wp\/v2\/media?parent=1666"}],"wp:term":[{"taxonomy":"category","embeddable":true,"href":"https:\/\/www.snamiroma.org\/wp1\/wp-json\/wp\/v2\/categories?post=1666"},{"taxonomy":"post_tag","embeddable":true,"href":"https:\/\/www.snamiroma.org\/wp1\/wp-json\/wp\/v2\/tags?post=1666"}],"curies":[{"name":"wp","href":"https:\/\/api.w.org\/{rel}","templated":true}]}}